{"id":361598,"date":"2022-12-30T12:49:34","date_gmt":"2022-12-30T11:49:34","guid":{"rendered":"https:\/\/www.pcnen.com\/portal\/?p=361598"},"modified":"2022-12-30T12:51:26","modified_gmt":"2022-12-30T11:51:26","slug":"novogodisnja-porodicna-sreca","status":"publish","type":"post","link":"https:\/\/www.pcnen.com\/portal\/2022\/12\/30\/novogodisnja-porodicna-sreca\/","title":{"rendered":"Novogodi\u0161nja porodi\u010dna sre\u0107a"},"content":{"rendered":"<p>Ja i moja dva sina smo jedna sre\u0107na porodica. Iako kao ve\u0107ina porodica u Crnoj Gori jedva sastavljamo kraj sa krajem, odlu\u010dili smo \u2013 bolje re\u0107i odlu\u010dio sam, da u Novoj 2023. godini najzad priu\u0161tim sebi i svojoj djeci \u017eivot pun avantura, u\u017eivanja i provoda, kakav, zbog mojih nevelikih prihoda, do sada sebi nijesmo mogli priu\u0161titi. Rije\u0161io sam da najzad kupim novi automobil a prodam 20 godina star, da zimski raspust sa djecom provedem na skijanju u ski centar Solden, jer svakako u Kola\u0161in nema snijega \u2013 a ne\u0107e ga ni biti.<\/p>\n<p>Narednog ljeta odmor \u0107u sa djecom provesti na Kubi, destinaciji koju godinama sanjam i \u017eelim posjetiti.<\/p>\n<p>Kada sam moje planove saop\u0161tio mla\u0111em sinu, jedanaestogodi\u0161njaku koji obo\u017eava skijanje, sijao je od sre\u0107e.<\/p>\n<p><strong>Sin:<\/strong> Tata, tatice, to je super. Volim te. Obo\u017eavam. A kako \u0107emo to, odakle ti pare? Jesi li na\u0161ao jo\u0161 neki dodatni posao?<\/p>\n<p><strong>Ja:<\/strong> Nijesam, ali najzad ho\u0107u da se opustim. Podi\u0107i \u0107u kredit iz banke od 20 000 eura, ali \u0107u morati zalo\u017eiti ku\u0107u.<\/p>\n<p><strong>Sin:<\/strong> A na koliko godina je taj kredit?<\/p>\n<p><strong>Ja:<\/strong> Na 15 godina.<\/p>\n<p><strong>Sin:<\/strong> A \u0161ta ako umre\u0161?<\/p>\n<p><strong>Ja:<\/strong> Ne misli o tako ru\u017enim stvarima. Ako umrem, kredit \u0107ete morati vratiti ti i brat, ili \u0107e vam ku\u0107u uzeti banka. Ali, vrijeme je da i mi \u017eivimo na visokoj nozi, makar jednu godinu, da mi zavide kom\u0161ije i vama drugovi. Postoji solucija i da prevarim nekog, pa da vratim kredit.<\/p>\n<p><strong>Sin:<\/strong> A ako bi nam banka uzela ku\u0107u, \u0111e bi mi \u017eivjeli?<\/p>\n<p><strong>Ja:<\/strong> Ma ne\u0107e se to desiti, ne misli o tako ru\u017enim stvarima. U tom slu\u010daju bi bili podstanari ili bi \u017eivjeli na ulici, mo\u017eda bi ti morao da prosi\u0161 ili radi\u0161 kod nekog gazde.<\/p>\n<p><strong>Sin:<\/strong> Tata, mene to pla\u0161i \u2013 to \u0161to si mi sad rekao.<\/p>\n<p><strong>Ja:<\/strong> Ne kvari nam sad sve. Ho\u0107e\u0161 li ti da te ja vodim na skijanje u Austriju ili ne, pa ljeti na Kubu?<\/p>\n<p><strong>Sin:<\/strong> Ho\u0107u, ho\u0107u, tatice. A i ako ti se ne\u0161to desi, nema veze, ja i brat \u0107emo raditi, ja \u0107u prositi ako treba \u2013 da vratimo taj kredit, samo da u\u017eivamo naredne godine, po\u0111emo u Austriju i na Kubu, kupimo novo auto.<\/p>\n<p><strong>Ja:<\/strong> Nemoj re\u0107i starijem bratu da \u0107u za ovo da podignem kredit i zalo\u017eim ku\u0107u. On ima 18 godina, u pubertet je, sve ne\u0161to pametuje, garant bi rekao da sam poludio i da on to ne\u0107e.<\/p>\n<p><strong>Sin:<\/strong> Va\u017ei tata. Ovo je samo na\u0161a tajna. Jedva \u010dekam skijanje.<\/p>\n<p>Tako, ja i moja mala porodica u Novu godinu ulazimo najzad opu\u0161teno, sre\u0107ni \u0161to \u0107emo sebi priu\u0161titi divan provod i putovanja u slede\u0107oj godini \u2013 na kredit.<\/p>\n","protected":false},"excerpt":{"rendered":"<p>Pi\u0161e: Omer \u0160ARKI\u0106<\/p>\n","protected":false},"author":12,"featured_media":361602,"comment_status":"open","ping_status":"closed","sticky":false,"template":"","format":"standard","meta":{"_seopress_robots_primary_cat":"","_seopress_titles_title":"","_seopress_titles_desc":"","_seopress_robots_index":"","_et_pb_use_builder":"","_et_pb_old_content":"","_et_gb_content_width":"","inline_featured_image":false,"footnotes":""},"categories":[17],"tags":[2695,1169,2694],"class_list":["post-361598","post","type-post","status-publish","format-standard","has-post-thumbnail","hentry","category-blogovi","tag-kredit","tag-omer-sarkic","tag-skijanje"],"_links":{"self":[{"href":"https:\/\/www.pcnen.com\/portal\/wp-json\/wp\/v2\/posts\/361598","targetHints":{"allow":["GET"]}}],"collection":[{"href":"https:\/\/www.pcnen.com\/portal\/wp-json\/wp\/v2\/posts"}],"about":[{"href":"https:\/\/www.pcnen.com\/portal\/wp-json\/wp\/v2\/types\/post"}],"author":[{"embeddable":true,"href":"https:\/\/www.pcnen.com\/portal\/wp-json\/wp\/v2\/users\/12"}],"replies":[{"embeddable":true,"href":"https:\/\/www.pcnen.com\/portal\/wp-json\/wp\/v2\/comments?post=361598"}],"version-history":[{"count":4,"href":"https:\/\/www.pcnen.com\/portal\/wp-json\/wp\/v2\/posts\/361598\/revisions"}],"predecessor-version":[{"id":361604,"href":"https:\/\/www.pcnen.com\/portal\/wp-json\/wp\/v2\/posts\/361598\/revisions\/361604"}],"wp:featuredmedia":[{"embeddable":true,"href":"https:\/\/www.pcnen.com\/portal\/wp-json\/wp\/v2\/media\/361602"}],"wp:attachment":[{"href":"https:\/\/www.pcnen.com\/portal\/wp-json\/wp\/v2\/media?parent=361598"}],"wp:term":[{"taxonomy":"category","embeddable":true,"href":"https:\/\/www.pcnen.com\/portal\/wp-json\/wp\/v2\/categories?post=361598"},{"taxonomy":"post_tag","embeddable":true,"href":"https:\/\/www.pcnen.com\/portal\/wp-json\/wp\/v2\/tags?post=361598"}],"curies":[{"name":"wp","href":"https:\/\/api.w.org\/{rel}","templated":true}]}}