{"id":361563,"date":"2022-12-29T18:48:46","date_gmt":"2022-12-29T17:48:46","guid":{"rendered":"https:\/\/www.pcnen.com\/portal\/?p=361563"},"modified":"2022-12-29T18:51:49","modified_gmt":"2022-12-29T17:51:49","slug":"uklonjene-barikade-na-putevima-na-sjeveru-kosova","status":"publish","type":"post","link":"https:\/\/www.pcnen.com\/portal\/2022\/12\/29\/uklonjene-barikade-na-putevima-na-sjeveru-kosova\/","title":{"rendered":"Uklonjene barikade na putevima na sjeveru Kosova"},"content":{"rendered":"<p>Kako je javila televizija Prva, &#8220;barikada vi\u0161e nema na putu od Kosovske Mitrovice prema Jarinju&#8221;, i dalje prema Ra\u0161koj, a o\u010dekuje se da \u0107e uskoro biti otvoreni prelazi Jarinje i Brnjak.<\/p>\n<p>Ne\u0161to poslije 10 sati danas je uklonjena prva barikada na prelazu Merdare, a zatim su u Zubinom Potoku uklonjene jo\u0161 dvije barikade na putevima, da bi poslije 15 sati po\u010delo uklanjanje barikada na putevima i u drugim mjestima, prenosi Beta.<\/p>\n<p>Srbi sa sjevera Kosova su pristali da uklone barikade nakon \u0161to ih je predsjednik Srbije Aleksandar Vu\u010di\u0107 kasno sino\u0107 pozvao da to u\u010dine.<\/p>\n<blockquote class=\"wp-embedded-content\" data-secret=\"XU9IaLOD9d\"><p><a href=\"https:\/\/www.pcnen.com\/portal\/2022\/12\/29\/uklonjene-barikade-sa-prelaza-merdare\/\">Uklonjene barikade sa prelaza Merdare<\/a><\/p><\/blockquote>\n<p><iframe loading=\"lazy\" class=\"wp-embedded-content\" sandbox=\"allow-scripts\" security=\"restricted\" style=\"position: absolute; clip: rect(1px, 1px, 1px, 1px);\" title=\"&#8220;Uklonjene barikade sa prelaza Merdare&#8221; &#8212; PCNEN\" src=\"https:\/\/www.pcnen.com\/portal\/2022\/12\/29\/uklonjene-barikade-sa-prelaza-merdare\/embed\/#?secret=UsmvGyiahb#?secret=XU9IaLOD9d\" data-secret=\"XU9IaLOD9d\" width=\"600\" height=\"338\" frameborder=\"0\" marginwidth=\"0\" marginheight=\"0\" scrolling=\"no\"><\/iframe><\/p>\n","protected":false},"excerpt":{"rendered":"<p>U toku popodneva ukonjene su barikade koje su bile postavljene na regionalnim putevima na sjeveru Kosova, a posljednja je uklonjena barikada u Rudaru.<\/p>\n","protected":false},"author":1,"featured_media":0,"comment_status":"open","ping_status":"closed","sticky":false,"template":"","format":"standard","meta":{"_seopress_robots_primary_cat":"","_seopress_titles_title":"","_seopress_titles_desc":"","_seopress_robots_index":"","_et_pb_use_builder":"","_et_pb_old_content":"","_et_gb_content_width":"","inline_featured_image":false,"footnotes":""},"categories":[14],"tags":[],"class_list":["post-361563","post","type-post","status-publish","format-standard","hentry","category-vijesti"],"_links":{"self":[{"href":"https:\/\/www.pcnen.com\/portal\/wp-json\/wp\/v2\/posts\/361563","targetHints":{"allow":["GET"]}}],"collection":[{"href":"https:\/\/www.pcnen.com\/portal\/wp-json\/wp\/v2\/posts"}],"about":[{"href":"https:\/\/www.pcnen.com\/portal\/wp-json\/wp\/v2\/types\/post"}],"author":[{"embeddable":true,"href":"https:\/\/www.pcnen.com\/portal\/wp-json\/wp\/v2\/users\/1"}],"replies":[{"embeddable":true,"href":"https:\/\/www.pcnen.com\/portal\/wp-json\/wp\/v2\/comments?post=361563"}],"version-history":[{"count":2,"href":"https:\/\/www.pcnen.com\/portal\/wp-json\/wp\/v2\/posts\/361563\/revisions"}],"predecessor-version":[{"id":361565,"href":"https:\/\/www.pcnen.com\/portal\/wp-json\/wp\/v2\/posts\/361563\/revisions\/361565"}],"wp:attachment":[{"href":"https:\/\/www.pcnen.com\/portal\/wp-json\/wp\/v2\/media?parent=361563"}],"wp:term":[{"taxonomy":"category","embeddable":true,"href":"https:\/\/www.pcnen.com\/portal\/wp-json\/wp\/v2\/categories?post=361563"},{"taxonomy":"post_tag","embeddable":true,"href":"https:\/\/www.pcnen.com\/portal\/wp-json\/wp\/v2\/tags?post=361563"}],"curies":[{"name":"wp","href":"https:\/\/api.w.org\/{rel}","templated":true}]}}