{"id":361525,"date":"2022-12-29T12:26:02","date_gmt":"2022-12-29T11:26:02","guid":{"rendered":"https:\/\/www.pcnen.com\/portal\/?p=361525"},"modified":"2022-12-29T12:26:02","modified_gmt":"2022-12-29T11:26:02","slug":"uklonjene-barikade-sa-prelaza-merdare","status":"publish","type":"post","link":"https:\/\/www.pcnen.com\/portal\/2022\/12\/29\/uklonjene-barikade-sa-prelaza-merdare\/","title":{"rendered":"Uklonjene barikade sa prelaza Merdare"},"content":{"rendered":"<p>Ekipa Anadolije obi\u0161la je podru\u010dje u blizini grani\u010dnog prelaza sa srbijanske strane i uvjerila se da se saobra\u0107aj u oba smjera odvija normalno.<\/p>\n<p>Barikade su jutros uklonjene i nikakvih prepreka na putu iz smjera Kur\u0161umlije do prelaza Merdare vi\u0161e nema, a u blizini mjesta gdje je saobra\u0107aj bio prekinut, oko kilometar ispred prelaza, stoji patrola saobra\u0107ajne policije.<\/p>\n<p>Vozila nesmetano prelaze iz oba smjera, bez gu\u017evi i \u010dekanja.<\/p>\n<p>Tokom dana o\u010dekuje se uklanjanje i ostalih barikada na sjeveru Kosova.\u200b\u200b\u200b\u200b\u200b\u200b\u200b<\/p>\n<p>Prethodno je i Kosovska policija saop\u0161tila je da je put koji je od 27. decembra ove godine bio blokiran u drugom kilometru unutar teritorije Srbije, danas u 9:50 \u010dasova pu\u0161ten u saobra\u0107aj.<\/p>\n<p>Merdare je jedan od grani\u010dnih prelaza Kosova sa Srbijom i najprometniji je. Ovaj prelaz naj\u010de\u0161\u0107e koristi kosovska dijaspora za ulazak i izlazak sa Kosova.<\/p>\n<p>&nbsp;<\/p>\n<blockquote class=\"wp-embedded-content\" data-secret=\"2JmXcEvymR\"><p><a href=\"https:\/\/www.pcnen.com\/portal\/2022\/12\/28\/zatvoren-granicni-prelaz-merdare-izmedu-kosova-i-srbije\/\">Zatvoren grani\u010dni prelaz Merdare izme\u0111u Kosova i Srbije<\/a><\/p><\/blockquote>\n<p><iframe loading=\"lazy\" class=\"wp-embedded-content\" sandbox=\"allow-scripts\" security=\"restricted\" style=\"position: absolute; clip: rect(1px, 1px, 1px, 1px);\" title=\"&#8220;Zatvoren grani\u010dni prelaz Merdare izme\u0111u Kosova i Srbije&#8221; &#8212;          PCNEN\" src=\"https:\/\/www.pcnen.com\/portal\/2022\/12\/28\/zatvoren-granicni-prelaz-merdare-izmedu-kosova-i-srbije\/embed\/#?secret=E1fBDHKFWY#?secret=2JmXcEvymR\" data-secret=\"2JmXcEvymR\" width=\"600\" height=\"338\" frameborder=\"0\" marginwidth=\"0\" marginheight=\"0\" scrolling=\"no\"><\/iframe><\/p>\n","protected":false},"excerpt":{"rendered":"<p>Grani\u010dni prelaz Merdare, izme\u0111u Srbije i Kosova, koji je Kosovska policija prije dvije ve\u010deri zatvorila nakon postavljanja barikada sa srpske strane, od jutros je ponovo u funkciji.<\/p>\n","protected":false},"author":1,"featured_media":361447,"comment_status":"open","ping_status":"closed","sticky":false,"template":"","format":"standard","meta":{"_seopress_robots_primary_cat":"","_seopress_titles_title":"","_seopress_titles_desc":"","_seopress_robots_index":"","_et_pb_use_builder":"","_et_pb_old_content":"","_et_gb_content_width":"","inline_featured_image":false,"footnotes":""},"categories":[14],"tags":[],"class_list":["post-361525","post","type-post","status-publish","format-standard","has-post-thumbnail","hentry","category-vijesti"],"_links":{"self":[{"href":"https:\/\/www.pcnen.com\/portal\/wp-json\/wp\/v2\/posts\/361525","targetHints":{"allow":["GET"]}}],"collection":[{"href":"https:\/\/www.pcnen.com\/portal\/wp-json\/wp\/v2\/posts"}],"about":[{"href":"https:\/\/www.pcnen.com\/portal\/wp-json\/wp\/v2\/types\/post"}],"author":[{"embeddable":true,"href":"https:\/\/www.pcnen.com\/portal\/wp-json\/wp\/v2\/users\/1"}],"replies":[{"embeddable":true,"href":"https:\/\/www.pcnen.com\/portal\/wp-json\/wp\/v2\/comments?post=361525"}],"version-history":[{"count":1,"href":"https:\/\/www.pcnen.com\/portal\/wp-json\/wp\/v2\/posts\/361525\/revisions"}],"predecessor-version":[{"id":361526,"href":"https:\/\/www.pcnen.com\/portal\/wp-json\/wp\/v2\/posts\/361525\/revisions\/361526"}],"wp:featuredmedia":[{"embeddable":true,"href":"https:\/\/www.pcnen.com\/portal\/wp-json\/wp\/v2\/media\/361447"}],"wp:attachment":[{"href":"https:\/\/www.pcnen.com\/portal\/wp-json\/wp\/v2\/media?parent=361525"}],"wp:term":[{"taxonomy":"category","embeddable":true,"href":"https:\/\/www.pcnen.com\/portal\/wp-json\/wp\/v2\/categories?post=361525"},{"taxonomy":"post_tag","embeddable":true,"href":"https:\/\/www.pcnen.com\/portal\/wp-json\/wp\/v2\/tags?post=361525"}],"curies":[{"name":"wp","href":"https:\/\/api.w.org\/{rel}","templated":true}]}}