{"id":361396,"date":"2022-12-27T15:29:16","date_gmt":"2022-12-27T14:29:16","guid":{"rendered":"https:\/\/www.pcnen.com\/portal\/?p=361396"},"modified":"2022-12-27T15:29:16","modified_gmt":"2022-12-27T14:29:16","slug":"zbogom-evropo","status":"publish","type":"post","link":"https:\/\/www.pcnen.com\/portal\/2022\/12\/27\/zbogom-evropo\/","title":{"rendered":"Zbogom Evropo"},"content":{"rendered":"<p>\u201eU\u010dlanjenje u Evropsku uniju je na\u0161 put bez alternative\u201c papagajski je ponavljala biv\u0161a vlast jo\u0161 prije petnaestak godina, a tada\u0161nja opozicija je jedino u tome bila saglasna sa njom. Iako i ja smatram da je Evropska unija (uz sve njene ne male nedostake i nesavr\u0161enosti) logi\u010dan izbor i stremljenje, formulacija \u201ebez alternative\u201c mi je prosto parala u\u0161i. Biv\u0161a vlast je u svom bezalternativnom stremljenju, na unutra\u0161njem planu radila sve suprotno od onog \u0161to su proklamovane vrijednosti EU. Ja\u010dali su organizovani kriminal i korupciju, sve vi\u0161e zarobljavali institucije, skoro do savr\u0161enstva izgradili partijsku dr\u017eavu, a izbori su iz ciklusa u ciklus bili sve neslobodniji. Prije nego \u0161to je do\u0161lo do promjene takve vlasti, godinama nije zatvoreno nijedno pregovara\u010dko poglavlje.<\/p>\n<p>Poslije promjene do zla boga korumpirane vlasti, ogrezle u plja\u010dki i korupciji, ve\u0107ini gra\u0111ana Crne Gore se rodila nada da \u0107emo najzad krenuti sa mrtve ta\u010dke, iza\u0107i iz za\u010daranog kruga podjela,\u00a0 praznih obe\u0107anja, demagogije, partijskog upravljanja dr\u017eavom, te da \u0107emo krenuti ka ispunjenju postavljenih evropskih standarda. Iako je daleko najzna\u010dajnija snaga u novoj vlasti bio DF, a pokrovitelj i motor smjene retrogadna i nacionalisti\u010dka SPC u Crnoj Gori, Demokratska Crna Gora i Gra\u0111anski pokret URA su bili, \u010dinilo se, garant da \u0107e te promjene \u2013 uz sve o\u010dekivane te\u0161ko\u0107e i nasle\u0111ene probleme &#8211; biti uspje\u0161ne. Od ekstremno nacionalsti\u010dkog DF-a, kome je idol i pokrovitelj Vu\u010di\u0107 \u2013 gora kopija \u0110ukanovi\u0107a &#8211; nije se moglo o\u010dekivati ni\u0161ta novo i druga\u010dije nego je do tada bilo.<\/p>\n<p>Me\u0111utim, poslije dobijenih izbora od strane dotada\u0161nje opozicije, umjesto partija pobjedni\u010dke ve\u0107ine dr\u017eavom je upravljala Crkva, za premijera dr\u017eave je izabran vjerski fanatik, a Demokratska Crna Gora je napustila svoj, ispostavi\u0107e se, la\u017eni gra\u0111anski identitet, postav\u0161i u su\u0161tini demohri\u0161\u0107anska stranka koja se oslanja na milost, potporu, ideje i \u017eelje Crkve. Gra\u0111anski pokret URA sa svojih tri, odnosno \u010detiri poslanika, postao je jedini, kakav-takav garant promjena i garant\u00a0 o\u010duvanje gra\u0111anskog koncpeta dr\u017eave, te njenog dotada\u0161njeg spoljnopoliti\u010dkog kursa. U toj te\u0161koj, ali politi\u010dki profitabilnoj i mesijanskoj ulozi, URA je uspjela da uni\u0161ti sve, pa i sebe samu.<\/p>\n<p>\u017dmurila je ili \u010dak pravdala jo\u0161 ve\u0107i nacionalizam i podjele koje je generisala nova vlast na \u010delu sa premijerom Krivokapi\u0107em, branila je kadrove poput Vesne Brati\u0107, zajedno sa ostalima dijelila je direktorska mjesta po partijskom klju\u010du u javnim preduze\u0107ima&#8230; Sva predizborna obe\u0107ana su ba\u010dena u \u201emutnu Maricu\u201c. Onda kada je shvatio da mu je Krivokapi\u0107 pripremao odstrel, Abazovi\u0107 se okrenuo DPS-u, a poslije brzog kraja te balade, Demokratskom frontu i Vu\u010di\u0107u.<\/p>\n<p>Vode\u0107i i podr\u017eavaju\u0107i\u00a0 \u201ebeskompromisnu borbu protiv kriminala\u201c \u2013 \u010dime je Abazovi\u0107 u poslednje vrijeme jedino mogao da ma\u0161e &#8211; Specijalni tu\u017eilac Novovi\u0107 je hap\u0161enjem visokog funkconara URA Rada Milo\u0161evi\u0107a pod optu\u017ebom da je jedan od organizatora kriminalne grupe, izbio i taj adut predsjedniku Vlade u tehni\u010dkom mandatu &#8211; koji traje beskona\u010dno. U tehni\u010dkom mandatu Vlade, Abazovi\u0107 smjenjuje ministre i preuzime njihove nadle\u017enosti, direktora ANB, potpredsjednica Vlade i partije daje ostavku, tu\u017eila\u0161tvo hapsi URA-inog visokog funkcionera pod optu\u017ebom za organizovani kriminal, na lokalnim izborima se potvr\u0111uje njihov nizak rejting i koalcionog im \u00a0prtnera sa kojim \u010dini vlast, SNP-a&#8230; Uprkos poptunom gubitku legitimiteta, haosu i bezvla\u0161\u0107u u kojem se dr\u017eava i dru\u0161tvo nalaze, Abazovi\u0107 ne odstupa, \u010dak u tehni\u010dkom mandatu poku\u0161ava provu\u0107i kontroverznu Vu\u010di\u0107evu inicijativu Otvoreni Balkan, a politka gra\u0111anskog pokreta URA postaje podudarna sa politikom Demokratskog fronta \u2013 njenog neformalnog koalicionog partnera &#8211; \u010dak i na spoljnopoliti\u010dkom planu. Udru\u017eena oko ko zna kojih i kakvih interesa, nova ve\u0107ina, u nedostatku funkcionalnog Ustavnog suda, odlu\u010duje da flagrantno prekr\u0161i Ustav i promijeni Zakon o predsjedniku, ukidaju\u0107i mu ovla\u0161\u0107enje o predlaganju mandatara. Ignori\u0161u se preporuke Venicijanske komisije, kao i nikad o\u0161trija upozorenja me\u0111unarodne zajednice koja prijeti nepriznavanjem takve Vlade, uz zaustavljanje pristupnih pregovora&#8230;<\/p>\n<p>\u0160to smo dobili promjenom do zla boga korumpirane, u kriminalu i korupciji ogrezle vlasti?<\/p>\n<p>Dobili smo amaterizam, nacionalizam, klerikalizam, jo\u0161 ve\u0107e podjele, bezvla\u0161\u0107e, vlade bez autoriteta i legimiteta, partijsko zapo\u0161ljavanje isto kako je bilo ako ne i gore, za\u010detke kriminala i u novoj vlasti, nepotizam, ogroman rast spoljnjeg duga&#8230;; postali problem za Evropsku uniju kojoj mi \u017eelimo da se priklju\u010dimo, a ne ona nama.<\/p>\n<p>Za to, ja bar, nijesam glasao, kao ni ve\u0107ina onih koje poznajem.<\/p>\n<p>Dok je vladao DPS, makar smo imali nadu. Ovakvom \u201epromjenom\u201c ona je ubijena, ostali smo \u010dak i bez nje.<\/p>\n<p>Bezna\u0111e i uvjerenje da su svi na politi\u010dkoj sceni u su\u0161tini isti je najgori osje\u0107aj koji mo\u017ee zadesiti neko dru\u0161tvo. Dobar dio Crne Gore poslije ovakvih &#8220;promjena&#8221; \u017eivi u tom uvjerenju.<\/p>\n","protected":false},"excerpt":{"rendered":"<p>Pi\u0161e: Omer \u0160ARKI\u0106<\/p>\n","protected":false},"author":12,"featured_media":286086,"comment_status":"open","ping_status":"closed","sticky":false,"template":"","format":"standard","meta":{"_seopress_robots_primary_cat":"","_seopress_titles_title":"","_seopress_titles_desc":"","_seopress_robots_index":"","_et_pb_use_builder":"","_et_pb_old_content":"","_et_gb_content_width":"","inline_featured_image":false,"footnotes":""},"categories":[17],"tags":[1169],"class_list":["post-361396","post","type-post","status-publish","format-standard","has-post-thumbnail","hentry","category-blogovi","tag-omer-sarkic"],"_links":{"self":[{"href":"https:\/\/www.pcnen.com\/portal\/wp-json\/wp\/v2\/posts\/361396","targetHints":{"allow":["GET"]}}],"collection":[{"href":"https:\/\/www.pcnen.com\/portal\/wp-json\/wp\/v2\/posts"}],"about":[{"href":"https:\/\/www.pcnen.com\/portal\/wp-json\/wp\/v2\/types\/post"}],"author":[{"embeddable":true,"href":"https:\/\/www.pcnen.com\/portal\/wp-json\/wp\/v2\/users\/12"}],"replies":[{"embeddable":true,"href":"https:\/\/www.pcnen.com\/portal\/wp-json\/wp\/v2\/comments?post=361396"}],"version-history":[{"count":3,"href":"https:\/\/www.pcnen.com\/portal\/wp-json\/wp\/v2\/posts\/361396\/revisions"}],"predecessor-version":[{"id":361406,"href":"https:\/\/www.pcnen.com\/portal\/wp-json\/wp\/v2\/posts\/361396\/revisions\/361406"}],"wp:featuredmedia":[{"embeddable":true,"href":"https:\/\/www.pcnen.com\/portal\/wp-json\/wp\/v2\/media\/286086"}],"wp:attachment":[{"href":"https:\/\/www.pcnen.com\/portal\/wp-json\/wp\/v2\/media?parent=361396"}],"wp:term":[{"taxonomy":"category","embeddable":true,"href":"https:\/\/www.pcnen.com\/portal\/wp-json\/wp\/v2\/categories?post=361396"},{"taxonomy":"post_tag","embeddable":true,"href":"https:\/\/www.pcnen.com\/portal\/wp-json\/wp\/v2\/tags?post=361396"}],"curies":[{"name":"wp","href":"https:\/\/api.w.org\/{rel}","templated":true}]}}