{"id":360445,"date":"2022-12-11T21:18:26","date_gmt":"2022-12-11T20:18:26","guid":{"rendered":"https:\/\/www.pcnen.com\/portal\/?p=360445"},"modified":"2022-12-11T21:18:26","modified_gmt":"2022-12-11T20:18:26","slug":"%d1%98utarnji-list-organizatori-puca-u-njemackoj-kupovali-oruzje-u-hrvatskoj","status":"publish","type":"post","link":"https:\/\/www.pcnen.com\/portal\/2022\/12\/11\/%d1%98utarnji-list-organizatori-puca-u-njemackoj-kupovali-oruzje-u-hrvatskoj\/","title":{"rendered":"\u0408utarnji list: Organizatori pu\u010da u Njema\u010dkoj kupovali oru\u017eje u Hrvatskoj"},"content":{"rendered":"<p>\u0408edan je od navodnih \u010dlanova pokreta je i \u017eivio u Hrvatskoj, gdje se nastanio o\u017eeniv\u0161i se Hrvaticom, navodi \u0408utarnji list.<\/p>\n<p>Akciju nabavke oru\u017eja, izme\u0111u ostalog za Gra\u0111ane Rajha, sprije\u010dili su hrvatska policija i Ured za suzbijanje korupcije i organizovanog kriminaliteta (USKOK), a u zajedni\u010dkoj me\u0111unarodnoj akciji sa njema\u010dkom policijom uhap\u0161eno je na desetine osoba, me\u0111u kojima i hrvatski dr\u017eavljani, koji su osu\u0111eni i u hrvatskim i njema\u010dkim sudovima.<\/p>\n<p>Utvr\u0111eno je da je dio oru\u017eja, koje je ta grupa nabavila, u Njema\u010dkoj kori\u0161\u0107en &#8220;za likvidacije politi\u010dkih protivnika desni\u010dara&#8221;.<\/p>\n<p>Priznanje Martina M. ali prije svega tajno prislu\u0161kivanje razgovora krijum\u010dara koje je sproveo hrvatski USKOK, dovelo je do nedavne osu\u0111uju\u0107e presude pred sudom u Minhenu protiv Aleksandra Rajhla, Martina M. i jo\u0161 jednog pripadnika Gra\u0111ana Rajha.<\/p>\n<p>U saradnji sa njema\u010dkom policijom pokrenuta je tajna istraga, pa su osumnji\u010denima snimani telefonski razgovori, iz kojih proizlazi da su dogovarali nabavku automatskih pu\u0161aka, snajpera, pi\u0161tolja, kratkih automatskih pu\u0161aka, ru\u010dnih bombi, sa\u010dmarica&#8230;<\/p>\n<p>U Hrvatskoj je uhap\u0161eno ukupno 16 osoba, a na osnovu USKOK-ove optu\u017enice optu\u017eeni su da su Rajhlu nabavljali oru\u017eje.<\/p>\n<p>U postupcima pred \u017dupanijskim sudom u Osijeku ve\u0107ina optu\u017eenih je osu\u0111ena nagodbama na uslovne i bezuslovne zatvorske kazne, dodaje \u0408utarnji list.<\/p>\n<p>&nbsp;<\/p>\n<blockquote class=\"wp-embedded-content\" data-secret=\"JTkeaxjk1Y\"><p><a href=\"https:\/\/www.pcnen.com\/portal\/2022\/12\/07\/njemacka-uhapseno-25-ekstremista-pripremali-drzavni-udar\/\">Njema\u010dka: Uhap\u0161eno 25 ekstremista, pripremali dr\u017eavni udar<\/a><\/p><\/blockquote>\n<p><iframe loading=\"lazy\" class=\"wp-embedded-content\" sandbox=\"allow-scripts\" security=\"restricted\" style=\"position: absolute; clip: rect(1px, 1px, 1px, 1px);\" title=\"&#8220;Njema\u010dka: Uhap\u0161eno 25 ekstremista, pripremali dr\u017eavni udar&#8221; &#8212; PCNEN\" src=\"https:\/\/www.pcnen.com\/portal\/2022\/12\/07\/njemacka-uhapseno-25-ekstremista-pripremali-drzavni-udar\/embed\/#?secret=rsM0m1E27j#?secret=JTkeaxjk1Y\" data-secret=\"JTkeaxjk1Y\" width=\"600\" height=\"338\" frameborder=\"0\" marginwidth=\"0\" marginheight=\"0\" scrolling=\"no\"><\/iframe><\/p>\n","protected":false},"excerpt":{"rendered":"<p>Gra\u0111ani Rajha, radikalni njema\u010dki desni\u010darski pokret, \u010dije je vo\u0111e njema\u010dka policija nedavno uhapsila zbog optu\u017ebi da su planirali da izvedu dr\u017eavni udar, prije nekoliko godina je za svoje teroristi\u010dke akcije nabavljao oru\u017eje u Hrvatskoj.<\/p>\n","protected":false},"author":1,"featured_media":0,"comment_status":"open","ping_status":"closed","sticky":false,"template":"","format":"standard","meta":{"_seopress_robots_primary_cat":"","_seopress_titles_title":"","_seopress_titles_desc":"","_seopress_robots_index":"","_et_pb_use_builder":"","_et_pb_old_content":"","_et_gb_content_width":"","inline_featured_image":false,"footnotes":""},"categories":[14],"tags":[],"class_list":["post-360445","post","type-post","status-publish","format-standard","hentry","category-vijesti"],"_links":{"self":[{"href":"https:\/\/www.pcnen.com\/portal\/wp-json\/wp\/v2\/posts\/360445","targetHints":{"allow":["GET"]}}],"collection":[{"href":"https:\/\/www.pcnen.com\/portal\/wp-json\/wp\/v2\/posts"}],"about":[{"href":"https:\/\/www.pcnen.com\/portal\/wp-json\/wp\/v2\/types\/post"}],"author":[{"embeddable":true,"href":"https:\/\/www.pcnen.com\/portal\/wp-json\/wp\/v2\/users\/1"}],"replies":[{"embeddable":true,"href":"https:\/\/www.pcnen.com\/portal\/wp-json\/wp\/v2\/comments?post=360445"}],"version-history":[{"count":1,"href":"https:\/\/www.pcnen.com\/portal\/wp-json\/wp\/v2\/posts\/360445\/revisions"}],"predecessor-version":[{"id":360446,"href":"https:\/\/www.pcnen.com\/portal\/wp-json\/wp\/v2\/posts\/360445\/revisions\/360446"}],"wp:attachment":[{"href":"https:\/\/www.pcnen.com\/portal\/wp-json\/wp\/v2\/media?parent=360445"}],"wp:term":[{"taxonomy":"category","embeddable":true,"href":"https:\/\/www.pcnen.com\/portal\/wp-json\/wp\/v2\/categories?post=360445"},{"taxonomy":"post_tag","embeddable":true,"href":"https:\/\/www.pcnen.com\/portal\/wp-json\/wp\/v2\/tags?post=360445"}],"curies":[{"name":"wp","href":"https:\/\/api.w.org\/{rel}","templated":true}]}}