{"id":360388,"date":"2022-12-10T20:44:15","date_gmt":"2022-12-10T19:44:15","guid":{"rendered":"https:\/\/www.pcnen.com\/portal\/?p=360388"},"modified":"2022-12-10T20:44:15","modified_gmt":"2022-12-10T19:44:15","slug":"kosovska-policija-zatvorila-jarinje-i-brnjak-srbi-postavili-barikade-kod-zvecana-i-leposavica","status":"publish","type":"post","link":"https:\/\/www.pcnen.com\/portal\/2022\/12\/10\/kosovska-policija-zatvorila-jarinje-i-brnjak-srbi-postavili-barikade-kod-zvecana-i-leposavica\/","title":{"rendered":"Kosovska policija zatvorila Jarinje i Brnjak, Srbi postavili barikade kod Zve\u010dana i Leposavi\u0107a"},"content":{"rendered":"<p>U saop\u0161tenju je navedeno i da su neki putevi blokirani u op\u0161tinama Leposavi\u0107, Zve\u010dan i Zubin Potok.<\/p>\n<p>Kasnije je saop\u0161teno da je zatvoren i prelaz u Brnjaku.<\/p>\n<p>&#8220;Na osnovu procene policije, kao i bezbednosnih mera, sve dok postoje blokade na putu u pravcu grani\u010dnog prelaza Brnjak, Kosovska policija je sada privremeno zatvorila i ovu grani\u010dnu ta\u010dku za saobrac\u0301aj&#8221;, navodi se u saop\u0161tenju policije.<\/p>\n<p>Prethodno su Srbi sa sjevera Kosova postavili barikade kako ne bi dozvolili da Srbin, koji je bio pripadnik kosovske policije, bude odveden u Pri\u0161tinu zbog optu\u017ebe za napad.<\/p>\n<p>Na barikade u Leposavi\u0107u stigle su ekipe Euleksa i Kfora i one za sada posmatraju situaciju. Pripadnici poljskog kontigneta Kfora nalaze se na 150 metara od mjesta na kom su podignute barikade u Rudaru, prenosi kosovo online.<\/p>\n<p>Kako prenosi Kosovo onlajn, od okupljenih se mo\u017ee \u010duti da je rije\u010d o \u010dovjeku bez mrlje u karijeri, koji nije u\u010destvovao u ratnim dejstvima na Kosovu.<\/p>\n<p>Ministar policije D\u017eeljalj Sve\u0107lja saop\u0161tio je da je Dejan Panti\u0107 uhap\u0161en zbog sumnje da je &#8220;organizovao teroristi\u010dki napad na prostorije CIK-a na sjeveru Kosova&#8221;.<\/p>\n","protected":false},"excerpt":{"rendered":"<p>Kosovska policija je saop\u0161tila da je iz bezbijednosnih razloga privremeno zatvorila za saobra\u0107aj administrativni prelaz Jarinje i zabranila ulazak na Kosovo i vozilima i pje\u0161acima.<\/p>\n","protected":false},"author":1,"featured_media":360389,"comment_status":"open","ping_status":"closed","sticky":false,"template":"","format":"standard","meta":{"_seopress_robots_primary_cat":"","_seopress_titles_title":"","_seopress_titles_desc":"","_seopress_robots_index":"","_et_pb_use_builder":"","_et_pb_old_content":"","_et_gb_content_width":"","inline_featured_image":false,"footnotes":""},"categories":[14],"tags":[],"class_list":["post-360388","post","type-post","status-publish","format-standard","has-post-thumbnail","hentry","category-vijesti"],"_links":{"self":[{"href":"https:\/\/www.pcnen.com\/portal\/wp-json\/wp\/v2\/posts\/360388","targetHints":{"allow":["GET"]}}],"collection":[{"href":"https:\/\/www.pcnen.com\/portal\/wp-json\/wp\/v2\/posts"}],"about":[{"href":"https:\/\/www.pcnen.com\/portal\/wp-json\/wp\/v2\/types\/post"}],"author":[{"embeddable":true,"href":"https:\/\/www.pcnen.com\/portal\/wp-json\/wp\/v2\/users\/1"}],"replies":[{"embeddable":true,"href":"https:\/\/www.pcnen.com\/portal\/wp-json\/wp\/v2\/comments?post=360388"}],"version-history":[{"count":1,"href":"https:\/\/www.pcnen.com\/portal\/wp-json\/wp\/v2\/posts\/360388\/revisions"}],"predecessor-version":[{"id":360390,"href":"https:\/\/www.pcnen.com\/portal\/wp-json\/wp\/v2\/posts\/360388\/revisions\/360390"}],"wp:featuredmedia":[{"embeddable":true,"href":"https:\/\/www.pcnen.com\/portal\/wp-json\/wp\/v2\/media\/360389"}],"wp:attachment":[{"href":"https:\/\/www.pcnen.com\/portal\/wp-json\/wp\/v2\/media?parent=360388"}],"wp:term":[{"taxonomy":"category","embeddable":true,"href":"https:\/\/www.pcnen.com\/portal\/wp-json\/wp\/v2\/categories?post=360388"},{"taxonomy":"post_tag","embeddable":true,"href":"https:\/\/www.pcnen.com\/portal\/wp-json\/wp\/v2\/tags?post=360388"}],"curies":[{"name":"wp","href":"https:\/\/api.w.org\/{rel}","templated":true}]}}