{"id":360203,"date":"2022-12-07T21:59:03","date_gmt":"2022-12-07T20:59:03","guid":{"rendered":"https:\/\/www.pcnen.com\/portal\/?p=360203"},"modified":"2022-12-08T00:10:51","modified_gmt":"2022-12-07T23:10:51","slug":"n-gknezevic-samo-psovao-obezbjedenje-je-nasrtalo","status":"publish","type":"post","link":"https:\/\/www.pcnen.com\/portal\/2022\/12\/07\/n-gknezevic-samo-psovao-obezbjedenje-je-nasrtalo\/","title":{"rendered":"N.G.: Kne\u017eevi\u0107 samo psovao, obezbje\u0111enje je nasrtalo"},"content":{"rendered":"<p>On je objasnio da je oko 15 \u010dasova dovezao sina i njegovog druga na aerodrom Podgorica, te da su se parkirali ispred vozila u kojem su primijetili Kne\u017eevi\u0107a.<\/p>\n<p>&#8220;Moj sin I. je po izlasku iz auta vidio Milana Kne\u017eevi\u0107a i nasmijao se. Na\u0161e auto je bilo ispred njegovog i vidio je na\u0161e tablice, otvorio je prozor i iz auta pitao mog sina: \u0160to si rekao. I. mu je odgovorio da je rekao da ima lijepu glavu. Nakon toga mu je Milan opsovao majku, moj brat je rekao i ja tebi. Milan je ponovio opet psovke, moj sin i ja smo krenuli prema aerodromu a on i njegovo obezbjedjenje su iza\u0161li iz auta i krenuli prema nama. Momak iz obezbje\u0111enja je krenuo prema I. i po\u010deo da mu psuje porodicu, moj sin je i njemu odgovorio &#8211; i ja tebi. On se zaletio prema I. da ga udari. Ja sam stao izme\u0111u njih i smirivao ga. Rekao sam: Dosta je bilo sva\u0111a, ajde da idemo svako svojim putem. Stajao sam izme\u0111u njih, on je mahao rukama da udari i tada je udario i mene u ruke i okrnzuo glavu, a I. je uspio da udari u le\u0111a. Nakon toga je moj sin po\u010deo da se brani&#8221;, kazao je taj <a href=\"https:\/\/www.vijesti.me\/vijesti\/crna-hronika\/633945\/knezevic-je-samo-psovao-obezbjedjenje-je-nasrtalo\">Cetinjanin za Vijesti.<\/a><\/p>\n<p>Tvrdi da su im tada pri\u0161li ljudi koji su bili u blizini i pomogli da se dvije strane razdvoje.<\/p>\n<p>&#8220;Mi smo krenuli prema aerodromu a momak iz Kne\u017eevi\u0107evog obezbe\u0111enja je krenuo za nama i sve do vrata poku\u0161avao da izvu\u010de mog sina. U\u0161li smo u aerodrom&#8221;.<\/p>\n<p>Ka\u017ee da je ubrzo stigla i policija, ali da je momak iz obezbje\u0111enja nastavio da prijeti.<\/p>\n<p>&#8220;Nakon \u0161to sam rekao da se ne\u0107emo udarati, kazao je: Ne\u0107e\u0161 me ti u\u010diti koga i kako \u0107u ja udarati. To je rekao u prisustvu policije. Nakon toga su policajci pitali da li obje strane ho\u0107e da ostane na ovome i da svako ide svojim putem, i svi smo se saglasili&#8221;.<\/p>\n<p>Rekao je da je poslanik Kne\u017eevi\u0107 u svemu u\u010destvovao samo kad je najprije psovao iz automobila, a kasnije i kad je iza\u0161ao iz vozila.<\/p>\n<p>&#8220;Fizi\u010dko nasrtanje i psovanje, udaranje je nastavio momak iz obezbje\u0111enja. Moj sin je uzeo kartu i \u010dekao let, a ja sam oti\u0161ao za Cetinje. Zvao me kad sam bio na pola puta prema Cetinju &#8211; da su do\u0161li za njega i da se ja vratim da dam izjavu. Odvedeni smo u CB Podgorica, mene su pustili bez izjave, a sin \u010deka da ga odvedu kod tu\u017eioca. Ponavljam da nijesmo ni verbalno ni fizi\u010dki napali poslanika Kne\u017eevi\u0107a, ona re\u010denica je bila odgovor na pitanje. Molimo da se pogledaju kamere i sve \u0107e biti jasno&#8221;, saop\u0161tio je N.G.<\/p>\n<blockquote class=\"wp-embedded-content\" data-secret=\"pp4hd5ltgK\"><p><a href=\"https:\/\/www.pcnen.com\/portal\/2022\/12\/07\/knezevic-napad-politicki-motivisan-od-veceras-cu-nositi-oruzje\/\">Kne\u017eevi\u0107: Napad politi\u010dki motivisan, od ve\u010deras \u0107u nositi oru\u017eje<\/a><\/p><\/blockquote>\n<p><iframe loading=\"lazy\" class=\"wp-embedded-content\" sandbox=\"allow-scripts\" security=\"restricted\" style=\"position: absolute; clip: rect(1px, 1px, 1px, 1px);\" title=\"&#8220;Kne\u017eevi\u0107: Napad politi\u010dki motivisan, od ve\u010deras \u0107u nositi oru\u017eje&#8221; &#8212; PCNEN\" src=\"https:\/\/www.pcnen.com\/portal\/2022\/12\/07\/knezevic-napad-politicki-motivisan-od-veceras-cu-nositi-oruzje\/embed\/#?secret=TSvUmKTJbR#?secret=pp4hd5ltgK\" data-secret=\"pp4hd5ltgK\" width=\"600\" height=\"338\" frameborder=\"0\" marginwidth=\"0\" marginheight=\"0\" scrolling=\"no\"><\/iframe><\/p>\n","protected":false},"excerpt":{"rendered":"<p>Povodom incidenta na Aerodromu, privedeni Cetinjanin N. G. rekao je Vijestima da je Milan Kne\u017eevi\u0107 psovao njega i njegovog sina, a da je obezbje\u0111enje tog poslanika kasnije i fizi\u010dki poku\u0161alo da se obra\u010duna s njima.<\/p>\n","protected":false},"author":1,"featured_media":282848,"comment_status":"open","ping_status":"closed","sticky":false,"template":"","format":"standard","meta":{"_seopress_robots_primary_cat":"","_seopress_titles_title":"","_seopress_titles_desc":"","_seopress_robots_index":"","_et_pb_use_builder":"","_et_pb_old_content":"","_et_gb_content_width":"","inline_featured_image":false,"footnotes":""},"categories":[14],"tags":[],"class_list":["post-360203","post","type-post","status-publish","format-standard","has-post-thumbnail","hentry","category-vijesti"],"_links":{"self":[{"href":"https:\/\/www.pcnen.com\/portal\/wp-json\/wp\/v2\/posts\/360203","targetHints":{"allow":["GET"]}}],"collection":[{"href":"https:\/\/www.pcnen.com\/portal\/wp-json\/wp\/v2\/posts"}],"about":[{"href":"https:\/\/www.pcnen.com\/portal\/wp-json\/wp\/v2\/types\/post"}],"author":[{"embeddable":true,"href":"https:\/\/www.pcnen.com\/portal\/wp-json\/wp\/v2\/users\/1"}],"replies":[{"embeddable":true,"href":"https:\/\/www.pcnen.com\/portal\/wp-json\/wp\/v2\/comments?post=360203"}],"version-history":[{"count":4,"href":"https:\/\/www.pcnen.com\/portal\/wp-json\/wp\/v2\/posts\/360203\/revisions"}],"predecessor-version":[{"id":360218,"href":"https:\/\/www.pcnen.com\/portal\/wp-json\/wp\/v2\/posts\/360203\/revisions\/360218"}],"wp:featuredmedia":[{"embeddable":true,"href":"https:\/\/www.pcnen.com\/portal\/wp-json\/wp\/v2\/media\/282848"}],"wp:attachment":[{"href":"https:\/\/www.pcnen.com\/portal\/wp-json\/wp\/v2\/media?parent=360203"}],"wp:term":[{"taxonomy":"category","embeddable":true,"href":"https:\/\/www.pcnen.com\/portal\/wp-json\/wp\/v2\/categories?post=360203"},{"taxonomy":"post_tag","embeddable":true,"href":"https:\/\/www.pcnen.com\/portal\/wp-json\/wp\/v2\/tags?post=360203"}],"curies":[{"name":"wp","href":"https:\/\/api.w.org\/{rel}","templated":true}]}}