{"id":360153,"date":"2022-12-07T09:13:51","date_gmt":"2022-12-07T08:13:51","guid":{"rendered":"https:\/\/www.pcnen.com\/portal\/?p=360153"},"modified":"2022-12-07T09:13:51","modified_gmt":"2022-12-07T08:13:51","slug":"njemacka-uhapseno-25-ekstremista-pripremali-drzavni-udar","status":"publish","type":"post","link":"https:\/\/www.pcnen.com\/portal\/2022\/12\/07\/njemacka-uhapseno-25-ekstremista-pripremali-drzavni-udar\/","title":{"rendered":"Njema\u010dka: Uhap\u0161eno 25 ekstremista, pripremali dr\u017eavni udar"},"content":{"rendered":"<p>Prema izvorima lista, pripadnici specijalnih snaga njema\u010dke policije vr\u0161e istovremeno racije u 11 pokrajina i do sada je privedeno 25 mu\u0161karaca i \u017eena koji su \u010dlanovi ili simpatizeri organizacija krajnje desnice, prenosi Srna.<\/p>\n<p>U sklopu operacije izvr\u0161en je pretres 130 ku\u0107a, kancelarija i drugih prostorija.<\/p>\n<p>Ekstremisti su navodno planirali da \u0107e pojedini pripadnici bezbjednosnih snaga iskazati solidarnost sa grupacijom \u0161to bi potom dovelo do pu\u010da.<\/p>\n","protected":false},"excerpt":{"rendered":"<p>Njema\u010dka policija vr\u0161i jednu od najve\u0107ih operacija protiv navodnih ekstremista krajnje desnice koji su planirali upad u Bundestag, pi\u0161e njema\u010dki magazin \u0160pigl.<\/p>\n","protected":false},"author":1,"featured_media":304492,"comment_status":"open","ping_status":"closed","sticky":false,"template":"","format":"standard","meta":{"_seopress_robots_primary_cat":"","_seopress_titles_title":"","_seopress_titles_desc":"","_seopress_robots_index":"","_et_pb_use_builder":"","_et_pb_old_content":"","_et_gb_content_width":"","inline_featured_image":false,"footnotes":""},"categories":[14],"tags":[],"class_list":["post-360153","post","type-post","status-publish","format-standard","has-post-thumbnail","hentry","category-vijesti"],"_links":{"self":[{"href":"https:\/\/www.pcnen.com\/portal\/wp-json\/wp\/v2\/posts\/360153","targetHints":{"allow":["GET"]}}],"collection":[{"href":"https:\/\/www.pcnen.com\/portal\/wp-json\/wp\/v2\/posts"}],"about":[{"href":"https:\/\/www.pcnen.com\/portal\/wp-json\/wp\/v2\/types\/post"}],"author":[{"embeddable":true,"href":"https:\/\/www.pcnen.com\/portal\/wp-json\/wp\/v2\/users\/1"}],"replies":[{"embeddable":true,"href":"https:\/\/www.pcnen.com\/portal\/wp-json\/wp\/v2\/comments?post=360153"}],"version-history":[{"count":1,"href":"https:\/\/www.pcnen.com\/portal\/wp-json\/wp\/v2\/posts\/360153\/revisions"}],"predecessor-version":[{"id":360154,"href":"https:\/\/www.pcnen.com\/portal\/wp-json\/wp\/v2\/posts\/360153\/revisions\/360154"}],"wp:featuredmedia":[{"embeddable":true,"href":"https:\/\/www.pcnen.com\/portal\/wp-json\/wp\/v2\/media\/304492"}],"wp:attachment":[{"href":"https:\/\/www.pcnen.com\/portal\/wp-json\/wp\/v2\/media?parent=360153"}],"wp:term":[{"taxonomy":"category","embeddable":true,"href":"https:\/\/www.pcnen.com\/portal\/wp-json\/wp\/v2\/categories?post=360153"},{"taxonomy":"post_tag","embeddable":true,"href":"https:\/\/www.pcnen.com\/portal\/wp-json\/wp\/v2\/tags?post=360153"}],"curies":[{"name":"wp","href":"https:\/\/api.w.org\/{rel}","templated":true}]}}