{"id":360091,"date":"2022-12-06T11:46:00","date_gmt":"2022-12-06T10:46:00","guid":{"rendered":"https:\/\/www.pcnen.com\/portal\/?p=360091"},"modified":"2022-12-06T11:46:00","modified_gmt":"2022-12-06T10:46:00","slug":"knezevic-zaprijetio-lazovicu-rocenu-i-ubovicu","status":"publish","type":"post","link":"https:\/\/www.pcnen.com\/portal\/2022\/12\/06\/knezevic-zaprijetio-lazovicu-rocenu-i-ubovicu\/","title":{"rendered":"Kne\u017eevi\u0107 zaprijetio Lazovi\u0107u, Ro\u0107enu i Ubovi\u0107u"},"content":{"rendered":"<p>Kne\u017eevi\u0107 je na svom FB najavio da \u0107e tu\u017eiti M-portal koji je objavio da ga je premijer Dritan Abazovi\u0107 upoznao sa tajnim dokumentima Agencije za nacionalnu bezbjednost i u \u010dijem tekstu je navedeno da je \u201cidentifikovani saradnik strane slu\u017ebe\u201d.On je to nazvao gnusnom la\u017ei i Ro\u0107ena, Lazovi\u0107a i Ubovi\u0107a nazvao vlasnicima M-portala.<\/p>\n<p>&#8220;U dosada\u0161njem politi\u010dkom djelovanju navikao sam da primam udarce ne samo od politi\u010dkih protivnika, ve\u0107 i od kriminalno bezbjednosnog \u0161ljama, koji je umislio da je ja\u010di od dr\u017eave, i da \u0107e kroz ovakve i sli\u010dne spinove poku\u0161ati da me kriminalizuje i dodatno ugrozi moju bezbjednost. Jasno mi je da sam otvorio mnoge osjetljive bezbjednosne teme, u kojima je vi\u0161e nego uo\u010dljiva sprega mafije i dr\u017eave, i da mi mafija i djelovi mafija\u0161ke dr\u017eave ovakvim tekstovima \u0161alju prijete\u0107e poruke. I to nije sporno, jer mafija radi jedino \u0161to zna, ali bi trebalo da su dosad nau\u010dili da im se ne\u0107u ni milimetar pomjeriti&#8221;, poru\u010dio je Kne\u017eevi\u0107.<\/p>\n<p>Naveo je da nema namjeru da oprosti spominjanje njegove majke.<\/p>\n<p>&#8220;Jer, ukoliko to jo\u0161 jednom u\u010dine, nekome od nas \u0107e biti tijesna Podgorica, i to nije prijetnja ve\u0107 obe\u0107anje. Jednom smo, kao porodica, oprostili hap\u0161enje majke i demoliranje na\u0161e porodi\u010dne ku\u0107e, ali sad treba dobro da znaju da vi\u0161e opra\u0161tanja nema. Moja majka nije javna li\u010dnost, nikog nije ubila, ni\u010diji le\u0161 njje spalila, niti ga je samljela, nije ukrala ni\u0161ta od dr\u017eave, nema gra\u0111evinsku mehanizaciju, ne \u0161vercuje drogu ni cigarete, niti ima dva miliona evra u\u0161te\u0111evine da mi plati kauciju ako budem uhap\u0161en. A to, \u0161to su djelovi tu\u017eila\u0161tva i policije nesposobni i upla\u0161eni da se uhvate u ko\u0161tac sa kriminalno bezbjednosno politi\u010dkom hobotnicom, mene ne obavezuje da \u0107utim kao \u0161to to oni \u010dine. Tako\u0111e obavje\u0161tavam javnost da \u0107u cjelokupan iznos, koji na sudu budem dobio od M-portala, uplatiti u humanitarne svrhe&#8221;, zaklju\u010dio je Kne\u017eevi\u0107.<\/p>\n<p>M-portal je nastavio praksu tabloida Aktuelno i objavljuje anonimna pisma potpisana sa &#8220;Profesionalac&#8221; u kojima se uglavnom bave de\u0161avanjima unutar Agencije za nacionalnu bezbjednost.<\/p>\n<p>Tabloid Aktuelno je objavio dvadesetak &#8220;pisama&#8221; gdje je autorstvo pripisano pseudonimu &#8220;Profesionalac&#8221;, uz obja\u0161njenje da se tako potpisuje iz &#8220;objektivnih razloga&#8221;, a da je ime i prezime poznato uredni\u0161tvu. Me\u0111utim, nakon \u0161to je tada\u0161nji direktor ANB Dejan Vuk\u0161i\u0107 podnio prijavu tu\u017eila\u0161tvu jer su u tekstovima otkrivani identiteti slu\u017ebenika ANB, urednik Aktuelno Bal\u0161a Kne\u017eevi\u0107 je kazao da tu\u017eiocima nije mogao otkriti identitet &#8220;Profesionalca&#8221;, &#8220;jer ne zna ko je ta osoba&#8221;.<\/p>\n<p><iframe loading=\"lazy\" style=\"border: none; overflow: hidden;\" src=\"https:\/\/www.facebook.com\/plugins\/video.php?height=476&amp;href=https%3A%2F%2Fwww.facebook.com%2Fdnpcg.me%2Fvideos%2F851646325881049%2F&amp;show_text=false&amp;width=476&amp;t=0\" width=\"476\" height=\"476\" frameborder=\"0\" scrolling=\"no\" allowfullscreen=\"allowfullscreen\"><\/iframe><\/p>\n","protected":false},"excerpt":{"rendered":"<p>Jedan od lidera Demokratskog fronta Milan Kne\u017eevi\u0107 zaprijetio je savjetniku predsjednika Crne Gore Milanu Ro\u0107enu, biv\u0161em visokom policijskom funkcioneru Zoranu Lazovi\u0107u i biznismenu Ranku Ubovi\u0107u i njihovim porodicama da \u0107e &#8220;nekome biti tijesna Podogorica&#8221;, ako jo\u0161 jednom pomenu njegovu majku &#8220;u njihovim kvazimedijima&#8221;.<\/p>\n","protected":false},"author":1,"featured_media":275178,"comment_status":"open","ping_status":"closed","sticky":false,"template":"","format":"standard","meta":{"_seopress_robots_primary_cat":"","_seopress_titles_title":"","_seopress_titles_desc":"","_seopress_robots_index":"","_et_pb_use_builder":"","_et_pb_old_content":"","_et_gb_content_width":"","inline_featured_image":false,"footnotes":""},"categories":[14],"tags":[],"class_list":["post-360091","post","type-post","status-publish","format-standard","has-post-thumbnail","hentry","category-vijesti"],"_links":{"self":[{"href":"https:\/\/www.pcnen.com\/portal\/wp-json\/wp\/v2\/posts\/360091","targetHints":{"allow":["GET"]}}],"collection":[{"href":"https:\/\/www.pcnen.com\/portal\/wp-json\/wp\/v2\/posts"}],"about":[{"href":"https:\/\/www.pcnen.com\/portal\/wp-json\/wp\/v2\/types\/post"}],"author":[{"embeddable":true,"href":"https:\/\/www.pcnen.com\/portal\/wp-json\/wp\/v2\/users\/1"}],"replies":[{"embeddable":true,"href":"https:\/\/www.pcnen.com\/portal\/wp-json\/wp\/v2\/comments?post=360091"}],"version-history":[{"count":1,"href":"https:\/\/www.pcnen.com\/portal\/wp-json\/wp\/v2\/posts\/360091\/revisions"}],"predecessor-version":[{"id":360092,"href":"https:\/\/www.pcnen.com\/portal\/wp-json\/wp\/v2\/posts\/360091\/revisions\/360092"}],"wp:featuredmedia":[{"embeddable":true,"href":"https:\/\/www.pcnen.com\/portal\/wp-json\/wp\/v2\/media\/275178"}],"wp:attachment":[{"href":"https:\/\/www.pcnen.com\/portal\/wp-json\/wp\/v2\/media?parent=360091"}],"wp:term":[{"taxonomy":"category","embeddable":true,"href":"https:\/\/www.pcnen.com\/portal\/wp-json\/wp\/v2\/categories?post=360091"},{"taxonomy":"post_tag","embeddable":true,"href":"https:\/\/www.pcnen.com\/portal\/wp-json\/wp\/v2\/tags?post=360091"}],"curies":[{"name":"wp","href":"https:\/\/api.w.org\/{rel}","templated":true}]}}