{"id":359930,"date":"2022-12-03T08:53:50","date_gmt":"2022-12-03T07:53:50","guid":{"rendered":"https:\/\/www.pcnen.com\/portal\/?p=359930"},"modified":"2022-12-03T09:46:33","modified_gmt":"2022-12-03T08:46:33","slug":"dps-vlast-je-unistila-savnik","status":"publish","type":"post","link":"https:\/\/www.pcnen.com\/portal\/2022\/12\/03\/dps-vlast-je-unistila-savnik\/","title":{"rendered":"DPS vlast je uni\u0161tila \u0160avnik"},"content":{"rendered":"<blockquote><p><em>Nedavno je iz \u0161tampe iza\u0161la knjiga &#8216;Ko me sve nije glasao&#8217;, \u010diji je autor Toma\u0161 \u0106orovi\u0107, biv\u0161i predsjednik op\u0161tine \u0160avnik. \u0106orovi\u0107 je na du\u017enosti prvog \u010dovjeka ove durmitorske op\u0161tine bio od 2002. do 2006. godine i to je jedini period kada je ova op\u0161tina bila u rukama partija koje su bile opozicija na dr\u017eavnom nivou.<\/em><\/p>\n<p><em>Toma\u0161 \u0106orovi\u0107, po zanimanju elektroin\u017eenjer, je jedan od rijetkih Durmitoraca koji se, nakon \u0161kolovanja u Beogradu i\u00a0 karijare stru\u010dnjaka i poslovnog \u010dovjeka u Srbiji, vratio u zavi\u010daj i politi\u010dki anga\u017eovao, uvijek nagla\u0161avaju\u0107i da njegove politi\u010dke ambicije ne prelaze granice Drobnjaka . Taj anga\u017eman mu je donio dosta razo\u010daranje, o kojima, pored ostalog, govori u knjizi \u010dija pojava pada u vrijeme aktuelne \u00a0tragikomi\u010dne \u0161avni\u010dke politi\u010dke zbilje. <\/em><\/p>\n<p><em>Po\u0161to se ova aktuelna zbivanja doimaju kao nastavak pri\u010de iz \u0106orovi\u0107eve knjige, zamolio sam ga da, uo\u010di najnovijeg nastavka izborne \u0161avni\u010dke \u0161arade, odgovori na nekoliko pitanja za portal PCNEN. (Sa Toma\u0161em se znam od djetinjstva \u2013 kom\u0161ije smo i dalji ro\u0111aci, pa smo uvijek bili na TI.)<\/em><\/p><\/blockquote>\n<p><strong>\u0106<\/strong><strong>orovi<\/strong><strong>\u0107:<\/strong> \u0160ira \u010ditala\u010dka publika uop\u0161te ne razumije sada\u0161nju situaciju u \u0160avniku. Za posljednjih 15 godina, od referenduma pa na ovamo, aktuelna DPS vlast je\u00a0 uni\u0161tila ovu\u00a0 op\u0161tinu. Prvo, zatvorila je gotovo sve \u0161kole. Izuzimaju\u0107i nekoliko starijih nastavnika koji su svi pred penzijom, kompletan nastavni kadar putuje iz Nik\u0161i\u0107a &#8211; dolaze minibusom u \u0160avnik i Boan u osam sati ujutru, pa ih onda razvoze po selima, ako jo\u0161 ima koje podru\u010dno odjeljenje. Svi vode\u0107i slu\u017ebenici u op\u0161tini, uklju\u010duju\u0107i sada\u0161njeg predsjednika, putuju tako\u0111e iz Nik\u0161i\u0107a. To va\u017ei i za zaposlene u dr\u017eavnim organima &#8211; katastru, socijalnom&#8230; \u010cak, u zadnje vrijeme, sve vi\u0161e slu\u017ebenika policije tako\u0111e putuje iz Nik\u0161i\u0107a, iako je, za vrijeme mog mandata, zahvaljuju\u0107i tada\u0161njem ministru\u00a0 Jusufu \u041aalamperovi\u0107u, kupljeno sedam stanova, i to najboljih, u \u0160avniku.<\/p>\n<blockquote>\n<h2>U samom \u0160avniku vi\u0161e nema djece, nema ko da ih rodi tu. Obnovili smo bili obdani\u0161te, bilo je tu oko 30 djece i 15 u\u010denika srednje poljoprivredne \u0161kole. Sad vaspita\u010di tako\u0111e putuju. Jedan od vaspita\u010da je svoju djecu upisao u vrti\u0107 u Nik\u0161i\u0107; ugledao se na predsjednika op\u0161tine.<\/h2>\n<\/blockquote>\n<p>\u041aa\u017eu da u Bijeloj, gdje je osmorazredna \u0161kola odavno zatvorena, sada ima 17-toro djece koja poha\u0111aju \u0161kolu u \u0160avniku i u novootvorenom podru\u010dnom odjeljenju u selu. Ljudi su se po\u010deli vra\u0107ati na selo. Vratio se i jedan bra\u010dni par u Bukovicu. Njihovo troje djece ide u \u0161kolu na \u017dabljak. Medicinska sestra sa troje djece do\u0161la je na Boan. Sad je odselila u Nik\u0161i\u0107, putuje na posao autobusom, vi\u0111ela od op\u0161tinske elite i prosvete.<\/p>\n<p>U Poljoprivrednu \u0161kolu se zadnje dvije godine upisao po jedan u\u010denik, iako ima besplatan internat sa 15 mjesta. \u041aad sam 2006. godine oti\u0161ao iz op\u0161tine, u \u0161koli je ostalo 69 u\u010denika. Tada su je spojili sa osnovnom kako bi smijenili direktora osnovne iz Narodne stranke, koga smo mi tada postavili.<\/p>\n<p>Drugo, raznim podmi\u0107ivanjima radi glasanja, prvenstveno preko nepomenika minista poljoprivrede, odveden je vitalni dio omladine sa sela u gradove; u policiju, obezbje\u0111enja, gdje su se kasnije regrutovali dileri droge i pripadnici raznih sumnjivih grupa i zanimanja.<\/p>\n<p>Tre\u0107e, izda\u0161nim socijalnim davanjima, gdje \u0160avnik po broju stanovnika, prednja\u010di u dr\u017eavi, stvorena je stabilna glasa\u010dka ma\u0161ina i ni\u0161ta vi\u0161e.<\/p>\n<p>\u041aao posljedica svega toga imamo sada\u0161nje izbore.<\/p>\n<blockquote><p><strong>PCNEN: Za\u0161to blokada izbora?<\/strong><\/p><\/blockquote>\n<p><strong>\u0106orovi\u0107:<\/strong> Blokada izbora je bunt ostatka naroda. \u201eDosta je bilo!\u201c, \u010duje se vapaj. Nema to veze sa strankama. Uostalom, sve dosada\u0161nje stranke, nazovi \u201eopozicione\u201c, bile su sparing partneri DPS decenijama skoro u cijeloj dr\u017eavi. U \u0442\u043e\u0458 grupi je bila i partija kojoj sam ja pripadao, koja, koliko znam, vi\u0161e nije aktivna.<\/p>\n<p>Ne\u0107e narod dati izbore u formatu kakav je do sada bio, bez obzira na kazne kojima im se prijeti.\u00a0 Probudio se ponos i prkos u narodu. \u201e\u0110e je vrelo, tu \u0107e i kapati\u201c, stara je narodna izreka.<\/p>\n<p>\u0160ta su nudili moji naslednici, da se zaklju\u010diti.<\/p>\n<p><img loading=\"lazy\" decoding=\"async\" class=\"aligncenter size-full wp-image-359932\" src=\"https:\/\/www.pcnen.com\/portal\/wp-content\/uploads\/2022\/12\/tomas-knjiga.jpg\" alt=\"\" width=\"600\" height=\"761\" srcset=\"https:\/\/www.pcnen.com\/portal\/wp-content\/uploads\/2022\/12\/tomas-knjiga.jpg 600w, https:\/\/www.pcnen.com\/portal\/wp-content\/uploads\/2022\/12\/tomas-knjiga-237x300.jpg 237w, https:\/\/www.pcnen.com\/portal\/wp-content\/uploads\/2022\/12\/tomas-knjiga-580x736.jpg 580w, https:\/\/www.pcnen.com\/portal\/wp-content\/uploads\/2022\/12\/tomas-knjiga-295x375.jpg 295w\" sizes=\"(max-width: 600px) 100vw, 600px\" \/><\/p>\n<blockquote><p><strong>PCNEN<\/strong><strong>: Zbog \u010dega je \u0160avnik sada tako va\u017ean Demokratskoj partiji socijalista? <\/strong><\/p><\/blockquote>\n<p><strong>\u0106<\/strong><strong>orovi<\/strong><strong>\u0107:<\/strong> \u0160avnik je, prvenstveno, va\u017ean sada\u0161njoj podmla\u0111enoj op\u0161tinskoj vladaju\u0107oj vrhu\u0161ki koja ima na raspolaganju nikad ve\u0107i godi\u0161nji bud\u017eet koji tro\u0161i na plate i ulaganja koja prvenstveno imaju za cilj li\u010dnu korist kroz sumnjive tendere i nabavke. Pratio sam neke njihove nabavke: raspi\u0161u oglas u petak a zaka\u017eu otvaranje ponuda u ponedjeljak. \u041ao to mo\u017ee preko vikenda obezbijediti razne papire koje tra\u017ee uslovima tendera? Primjera radi, garanciju poslovne banke koja je obavezna. Samo onaj koji je unaprijed odabran.<\/p>\n<p>\u0160avnik je bogata op\u0161tina. \u201eZen\u0111ili je Drobnjak bio, predmet mnogih preotmica&#8230;\u201c, pjevao je knjaz Nikola i to se polako nazire i dokazuje. \u0160avni\u010dki srez, koji je obuhvatao dana\u0161nje tri durmitorske op\u0161tine, bio je za vrijeme Stare Jugoslavije veoma uticajan politi\u010dki u dr\u017eavi sa velikim sto\u010dnim fondom. \u041aomunisti su od \u0160avnika stvorili sinonim planinske zabiti, bespu\u0107a, siroma\u0161tva i\u00a0 bezna\u0111a, \u0161to nije istina.<\/p>\n<p>Projekat hidroelektrane \u201eLonci\u201c na \u041aomarnici, o kome se sve vi\u0161e pri\u010da i postaje izvjestan, pretvaranje Sinjavine, \u010diji najve\u0107i i najatraktivniji dio pripada \u0161avni\u010dkoj op\u0161tini, u vojni poligon, \u010dija se namjena mo\u017ee samo naslu\u0107ivati jer je u rukama Alijanse, \u0161umski kompleksi Dragi\u0161nice, Bukovi\u010dke gore i Semolja, veliki poligoni za vjetro parkove na Sinjavini i \u041arnovu, smu\u010darski tereni od \u041arnova prema Javorju, koji su za \u0161iru javnost jo\u0161 neotkriveni, kanjoni u Drobnja\u010dkoj vali (gdje se divlja\u010d u toku jeseni i zime spu\u0161ta sa visova Durmitora) su atraktivna lovi\u0161ta, privla\u010dna oduvijek za vladaju\u0107u politi\u010dku elitu iz prestonice i njihove odabrane goste, a i strance,\u00a0 kanjon Nevidio, \u010dija je sudbina u budu\u0107nosti sve neizvjesnija. Za sve ovo DPS-u (a oni jo\u0161 misle da su vje\u010dni) treba odana i jaka op\u0161tinska vlast, \u0161to manje nepismenog naroda koji im je neophodan za referendume\u00a0 (knju\u010dnu ve\u0107inu \u0107e obezbje\u0111ivati sa gostuju\u0107im glasa\u010dima). U nekom intervjuju (jo\u0161 je bila \u041arivokapi\u0107eva vlada) aktuelni \u0161avni\u010dki predsjednik se \u017ealio na Vladu jer mu ne dozvoljava zapo\u0161ljavanje\u00a0 nedostaju\u0107ih radnika. Ima samo 98 zaposlenih, govodio je. \u010cuo sam, ovih dana, da mu je Vlada, dala sredstva za zapo\u0161ljavanje jo\u0161 10 novih radnika.<\/p>\n<p>Primjera radi, u mome mandatu broj zaposlenih se kretao od 23 do 32. Smije\u0161no je upore\u0111ivati visinu primanja.<\/p>\n<blockquote><p><strong>PCNEN: \u0160to je bitna lokalna vlast kad je gradnja hidroelektrane u pitanju?<\/strong><\/p><\/blockquote>\n<p><strong>\u0106orovi\u0107:<\/strong> \u0160to se ti\u010de same hidroelektrane, vlasti je va\u017eno da obezbijediti sve papire za gradnju, gdje je \u0161avni\u010dka vlast veoma bitna. \u041aad se to zavr\u0161i, tra\u017ei\u0107e se investitor u svijetu. Ne mislite da \u0107e na\u0161a dr\u017eava sa svojim kadrovskim i finansijskim potencijalima to raditi. Vidjeli ste kako smo vodili gradnju autoputa. Taj bjelosvjetski izvo\u0111a\u010d, kad vidi koliko se samo energije mo\u017ee dobiti ako se \u043a\u043e\u0458i metar podigne brana, bojim se da \u0107e \u041aarad\u017ei\u0107a\u00a0 Petnjica i Cerovi\u0107a Tu\u0161inja biti pristani, a \u0160avnik zajedno sa manastirima Podmalinsko i Bijela, na dnu nekog novog drobnja\u010dkog jezera. Oni su skrkali Vavilon i Alep, a kamo li da po\u0161tede na\u0161e svetinje.<\/p>\n<p>Ne zaboravimo da je odlaze\u0107a Markovi\u0107eva vlada 2019. godine stopirala ve\u0107 raspisani tender za projektovanje puta od Mokrog do Po\u0161\u0107enja, uklju\u010duju\u0107i most na rijeci Pridvorici. Ne mislite da nijesu ti budu\u0107i investitori ve\u0107 obezbijedili svoje ljude u Podgorici i \u0160avniku. Sada\u0161nji \u0161avni\u010dki predsjednik sa dvoje &#8211; troje bliskih saradnika, tako\u0111e gostuju\u0107ih kadrova,\u00a0 je veoma talentovan za takve radnje. Mislim, ipak, da je po DPS\u00a0 kasno do\u0161ao.<\/p>\n<blockquote><p><strong>PCNEN: <\/strong><strong>Tvoje kratkotrajno politi\u010dko iskustvo predsjednika op\u0161tine \u0160avnik, o kome govori\u0161 u knjizi, \u010dini mi se da pokazuje kako\u00a0 vi\u0161epartizam vi\u0161e razara lokalne zajednice nego \u0161to poma\u017ee njihovoj integraciji i emancipaciji?<\/strong><\/p><\/blockquote>\n<p><strong>\u0106orovi\u0107:<\/strong> Moramo se vratiti na po\u010detak i podsjetiti se kako je nastao vi\u0161epartijski poredak u Crnoj Gori. Savez komunista, kadrovski skroz podmla\u0111en i osokoljen pokretom \u201cdoga\u0111anje naroda\u201c, kako ga je neko nazvao, preko no\u0107i je preimenovan u DPS partiju. Njima je ostala u nasledstvo sva infrastruktura; partijski aparat sa kvalitetnim slu\u017ebenicima, sve zgrade, stanovi, vozni park&#8230; Novostvorene opozicione stranke &#8211; Narodna i Liberalni savez &#8211; su napravili najvi\u0161e \u0161to su mogli u takvim uslovima. Poslije raskola u neokomunisti\u010dkoj partiji, opet je DPS-u ostala sva imovina, a novostvorenoj frakciji SNP ostala je u nasledstvo komunisti\u010dka ideologija i zna\u010dajan broj \u010dlanstva.<\/p>\n<p>DPS se preobukao po\u0161to je kupio program Liberalnog saveza i uzeo pod svoje \u041ailibardine narodnjake koji su ne\u0161to ranije otka\u010dili prosrpsko krilo Bojovi\u0107a. Takav DPS, sna\u017eno potpomognut od Zapada, radi \u0161to mu je drago: \u0161vercuje na veliko cigarete, uvozi brodove banana, privatizuje, odnosno otima \u0161ta mu padne na pamet, novi DPS biznismeni, pra\u0107eni bankarom bratom Acom, grade \u0161ta smatraju da im donosi profit, prvenstveno u Podgorici i Budvi. Jedino se ne grade \u0161kole, obdani\u0161ta i bolnice. Mugo\u0161a nije u Podgorici napravio ni jedan trg, a one koji su bili predvi\u0111eni za to popunio je stambenim zgradama koje imaju lokale, a svaki je investitor morao \u010dastiti odgovornog bar po jednim&#8230; A danas bi im trgovi dobrodo\u0161li, da ne barja\u010de po trotoarima. Cijelo to vrijeme kumrova\u010dki \u0111aci, i to oni ponajbolji, Sveto (Marovi\u0107) i Mi\u0161ko (Vukovi\u0107) prosipaju narodu ideolo\u0161ke\u00a0 maglu.<\/p>\n<blockquote>\n<h2>I to traje 30 godina. Svjedok sam tog vremena u \u0160avniku. \u041ao nije \u010dlan DPS, ne mo\u017ee nigdje da se zaposli, bez obzira na obrazovanje. \u041ao nije njihov glasa\u010d, ne mo\u017ee da dobije nikakav poljoprivredni kredit. Ove godine, s obzirom na velika sredstva sa kojima op\u0161tina raspola\u017ee, asfaltirano je,\u00a0 odnosno popravljeno dosta lokalnih puteva. Svaki kvadratni metar je ura\u0111en u funkciji izbora. U staro drobnja\u010dko selo Pridvoricu, udaljeno svega nekoliko kilometara od \u0160avniku, ne mo\u017ee se\u00a0 starim izlokanim putem kolima do\u0107i, ali se ne popravlja &#8211; nema tu DPS glasa\u010da. Sli\u010dno je i sa putevima do manastira Bijela i Podmalinsko.<\/h2>\n<p><strong>PCNEN<\/strong>: <strong>O kakvom onda vi\u0161epartiskom djelovanju mo\u017eemo da govorimo, pogotovo u malim sredinama?<\/strong><\/p><\/blockquote>\n<p><strong>\u0106orovi\u0107:<\/strong> Partije se oglase samo kad su izbori jer im centrale usture po neku paru. Plu\u017eine su izuzetak, jer njih nijesu namjerno dirali. Svi vode\u0107i Pivljani su uz vlast, a narodu u mati\u010dnoj op\u0161tini su ostavili da glasa po svojoj volji. Op\u0161tina je dobro situirana od koncesionih naknada.<\/p>\n<blockquote><p><strong>PCNEN<\/strong><strong>: Ti si se kao zreo i ostvaren \u010dovjek vratio u zavi\u010daj i politi\u010dki anga\u017eovao. Knjiga koju si objavio pokazuje da ti je na srcu bila dobrobit ljudi u Drobnjaku i cijelom durmitorskom kraju i da si nudio projekte koji su izgledali odr\u017eivi i perspektivni. \u0160ta je to konkurencija nudila \u0161to je bilo privla\u010dnije?<\/strong><\/p><\/blockquote>\n<p><strong>\u0106<\/strong><strong>orovi<\/strong><strong>\u0107: <\/strong>Svi projekti koje sam tada nudio su i danas aktuelni i odr\u017eivi.\u00a0 Oni su jedino uspjeli da upropaste lokaciju koja je, pred moj odlazak, bila isprojektovana za skver ratnika \u00a0svih drobnja\u010dkih\u00a0 vitezova, po\u010dev od vojvode \u0110urjana \u041aosov\u010di\u0107a, koji je Drobnjake na \u041aosovo vodio, preko Ilije \u041aosori\u0107a, \u0160uja, Mirka, Begana serdara, pa do ovih mladi\u0107a, njih devetorice, koji su poginuli u ratu u kome \u201emi nijesmo u\u010destvovali\u201c, kako ka\u017eu na\u0161i dr\u017eavnici. \u0422\u043e \u0458\u0435 bio jedan mini amfiteatar bronzanom skulpturom u sredini, \u010desmom I plo\u010dom sa imenima njih devetorice. \u00a0Oni su tu lokaciju br\u017ee bolje ustupili D\u017eigiju (Grbovi\u0107u) za Dr\u017eavnu lutriju i Bokanu za samoposlugu \u201cVoli\u201d kao \u201eprivremene objekte\u201c, iako smo mi bili uradili prostorni plan op\u0161tine I urbanisti\u010dki varo\u0161i \u0160avnik sa svim svim projektima o kojima sam pisao u utoj knjizi.<\/p>\n<p>\u041au\u0107u Peki\u0107a su obnovili po na\u0161oj ideji i njihovom konceptu sumljive namjene i nepoznate cijene ko\u0161tanja. Za \u041arnovsku glavicu nijesmo mogli dobiti dozvolu i sredstva od CHF-a za gradnju, a oni su posred projektovane ski staze izgradili dalekovod. Me\u0111utim, moglo bi se to ispraviti i privesti predvi\u0111enoj namjeni.<\/p>\n<p>\u0160ta su oni nudili procijene sami. Izgleda da je to bilo privla\u010dnije, pogotovo ako je u gotovini.\u00a0 Dio odgovora sam dao na\u00a0 tvoje prethodno pitanje.<\/p>\n<p><img loading=\"lazy\" decoding=\"async\" class=\"aligncenter size-full wp-image-359933\" src=\"https:\/\/www.pcnen.com\/portal\/wp-content\/uploads\/2022\/12\/Tomas-Corovic.jpg\" alt=\"\" width=\"600\" height=\"428\" srcset=\"https:\/\/www.pcnen.com\/portal\/wp-content\/uploads\/2022\/12\/Tomas-Corovic.jpg 600w, https:\/\/www.pcnen.com\/portal\/wp-content\/uploads\/2022\/12\/Tomas-Corovic-300x214.jpg 300w, https:\/\/www.pcnen.com\/portal\/wp-content\/uploads\/2022\/12\/Tomas-Corovic-580x414.jpg 580w\" sizes=\"(max-width: 600px) 100vw, 600px\" \/><\/p>\n<blockquote><p><strong>PCNEN<\/strong><strong>: Ti si otvoreno zagovarao ostanak Crne Gore u dr\u017eavnoj zajednici sa Srbijom. \u0160ta je Crna Gora dobila a \u0161ta izgubila porazom te politi\u010dke opcije?<\/strong><\/p><\/blockquote>\n<p><strong>\u0106<\/strong><strong>orovi<\/strong><strong>\u0107: <\/strong>Prvo,\u00a0 ja znam \u0161ta sam ja kao povratnik u zavi\u010daj izgubio, zajedno sa mnom i \u0160avnik. Preduze\u0107e TEM\u041aO, \u010diji su osniva\u010di i vlasnici bili moj brat Moja\u0161 i ja, obojica diplomirani in\u017eenjeri, imali smo u \u0160avniku pogon metaloprerade koji je otvoren 1992. godine i zapo\u0161ljavao oko 15 radnika. Pogon je vodila ekipa stru\u010dnjaka &#8211; Srbi izbjeglice iz Like i Sarajeva. Bio je to sjajan program \u2013 sve smo prodavali u Srbiji, uklju\u010duju\u0107i i specijalne \u010delike iz \u017deljezare. Naj\u010de\u0161\u0107e smo robu prodavali u kompezaciji (uzimali za uzvrat\u00a0 elektro i vodovodni materijal i prodavali u na\u0161em prodajnom objektu u Beogradu i Nik\u0161i\u0107u.<\/p>\n<p>Privredno, Crna Gora se odvojila od Srbije ve\u0107 1998, kada je na Jabuci uspostavljena granica. Mi smo se jo\u0161\u00a0 mu\u010dili 3-4 godine i kad sam 2002. godine nenadno postao predsjednik, pogon smo zatvorili. Sve nove ma\u0161ine prakti\u010dno smo \u201eutopili\u201c; ve\u0107ina je oti\u0161la na otpad. \u041aoliko nas je samo ta avantura ko\u0161tala, prvenstveno zbog\u00a0 granice na Jabuci &#8211; tro\u0161kovi telefona, prevoza, pretovara, predstavni\u0161tvo u Beogradu&#8230; A bio je to sjajan program. Radnicima smo isplatili svaki dinar do zadnjeg dana i zaklju\u010dili im radne knji\u017eice.<\/p>\n<p>Na jednom skupu prije referenduma u Zeti, gdje sam u\u010destvovao kao zagovornik zajedni\u010dke dr\u017eave, \u010duo sam od jednog mje\u0161tanina: \u201eOni ho\u0107e da im Crna Gora bude samo njihova dr\u017eava, a Srbija zajedni\u010dka\u201c. Intimno to \u017eeli ve\u0107ina Crnogoraca, tada i danas. To je uspjelo jedino crnogorskoj mafiji i eliti, ako ima neke razlike izme\u0111u te dvije grupacije. Danas su Crnogorci vlasnici najelitnijih stanova na Vra\u010daru i Beogradu na vodi.<\/p>\n<p>Dobili su raznorazni slu\u017ebenici u diplomatiji i drugim dr\u017eavnim institucijama sa zavr\u0161enim fakultetima u Tutinu, Leposavi\u0107u ili Sremskim \u041aarlovcima. Laurenti 13. julske, Njago\u0161eve i drugih dr\u017eavnih priznanja i nagrada.<\/p>\n<p>Izgubili su obi\u010dni ljudi. Uskra\u0107eno im je kvalitetno osnovno obrazovanje, prvenstveno iz maternjeg jezika i nacionalne istorije. Ti ud\u017ebenici su puni falsifikata. Sje\u0107am se, negdje pred referendum naletio sam na knjigu nekog Markovi\u0107a, gdje je opisano 400 bitaka crnogorskih. Toliko bitaka nijesu vodile ni velike imperije Engleska, \u0160panija ili Turska. Uzeo sam 5-6 primjeraka i poklanjao nekim mojim terazijskim Montenegrinima. \u041aasnije je taj nau\u010dnik postao akademik.<\/p>\n<p>Iz crnogorske istorije je izba\u010deno sve ono \u0161to jesmo: \u201eCrna Goro ponosito stenje, krune srpske ti drago kamenje\u201c, kako je veliki pjesnik rekao. Svr\u0161eni srednjo\u0161kolci ne znaju gdje se nalazi \u041aru\u0161evac, Sombor ili Smederevo. Ne znaju \u0161ta je Gazimestan, Oplenac ili Stra\u017eilovo. Ne ide se u vojsku, nema maturskih ekskurzija. Mi Durmitorci smo obi\u010dno slu\u017eili vojsku po slovena\u010dkim zabitima &#8211; Tolmin, Ajdov\u010dina ili u Makedoniji \u00a0&#8211; \u041ai\u010devo ili Strumica. Koliko si gradova morao pro\u0107i da bi stigao na\u00a0 ta odredi\u0161ta. Ni jedna generacija nik\u0161i\u0107ke gimnazije nije maturirala a da nije bila organizovano u Splitu, Postojni, Beogradu&#8230;<\/p>\n<p>Mogu\u0107nosti zapo\u0161ljavanja su smanjene. Treba ti dr\u017eavljanstvo za svaki posao u javnoj ustanovi u bilo kojoj\u00a0 dr\u017eavi. Nekada su Crnogorci bili polovina bosanskog kadra u prosvjeti. Vidim, Crna Gora je protivu \u201eotvorenog Balkana\u201c a to je jedina \u0161ansa da \u0160avnik o\u017eivi. Uostalom, \u0160avnik su osnovali doseljenici.<\/p>\n<p>Crna Gora je mala i broj\u010dano i teritorijalno za jedno normalno demokratsko dru\u0161tvo. Obi\u010dno su takve dr\u017eavice u svijetu neki protektorati ili despotije. Postajali smo kao takvi za vrijeme knjaza-kralja Nikole, Josipa Broza i Mila, \u0161to potvr\u0111uje to pravilo. \u010cim smo krenuli da tra\u017eimo demokratsko dru\u0161tvo, zaglavili smo se, kao \u0161to vidi\u0161.<\/p>\n<blockquote>\n<h2>Sada bih se izjasnio druk\u010dije na ponovljenom referendumu, kad bi ga bilo, iako nacionalno i \u017eivotno opredjeljenje nijesam promijenio.<\/h2>\n<p><strong>PCNEN<\/strong><strong>: \u0160ta bi, po tvome mi\u0161ljenju, mogao da bude zajedni\u010dki odr\u017eivi imenitelj onih koji u Crnoj Gori imaju crnogorski nacionalni identitet i onih koji imaju srpski?<\/strong><\/p><\/blockquote>\n<p><strong>\u0106<\/strong><strong>orovi<\/strong><strong>\u0107: <\/strong>Zajedni\u010dki imenitelj su na\u0161i korijeni: jezik, vjera, tradicija, sela i gradovi gdje \u017eivimo. \u0110ukanovi\u0107, koji je vje\u0161t politi\u010dar, ali veoma skromnog obrazovanja, poslu\u0161ao je bjelosvjetske kalauze i iskopleksirane neuspje\u0161ne Srbe, sada\u0161nje Montenegrine, da pravi novu crkvu i uvodi izmi\u0161ljeni jezik, odnosno da preimenuju ovaj jedan jedini kojim svi govorimo. Smi\u0161ljaju \u201enovo\u201c pismo sa 32 slova. Za stvaranje novog identiteta su potrebni vjekovi. Trobojke su zastave svih slovenskih zemalja, sem ove tri nove koje su se izlegle iz srpskog gnijezda.<\/p>\n<p>\u041aad to vratimo u stanje koje je bilo prije dolaska vi\u0161e decenijske vladaju\u0107e partije, koja polako silazi sa scene, bi\u0107e sve u redu. Bi\u0107e mjesta i za vjernike i ateiste. I za one koji se osje\u0107aju Srbi i one koji su Crnogorci. Ne mo\u017ee o crkvi da raspravlja onaj koji nikad nije bio u crkvi, nije se prekrstio, ne zna ni jednu molitvu. Nije crkva fudbalska reprezentacija da svaki TV gledalac uzima sebi za pravo da pravi tim bez obzira na to da li je ikada \u0161utnuo loptu.<\/p>\n<p>Mi imamo Mitropoliju za ponos, njena slavna pro\u0161lost, njeno mjesto koje je imala kroz istoriju. Ona je stvorila Crnu Goru, a ovi je zovu \u00a0\u201ecrkva Srbije\u201c- la\u017eu sebe\u00a0 i \u0442ruju ovaj neznaveni narod. Poznajem dosta sve\u0161tenika i monaha u Srbiji. Znate li sa kojim po\u0161tovanjem oni govore o na\u0161im vladikama, sve\u0161tenicima, monasima. To je elita, i\u0161kolovana u zadnjih 30 godina ovdje na Cetinju, Beogradu, De\u010danima, Solunu, Jerusalimu, 90 posto njih je ro\u0111eno u Crnoj Gori.<\/p>\n<blockquote><p><strong>Du\u0161ko VUKOVI\u0106<\/strong><\/p><\/blockquote>\n","protected":false},"excerpt":{"rendered":"<p>\u0160avnik je, prvenstveno, va\u017ean sada\u0161njoj podmla\u0111enoj op\u0161tinskoj vladaju\u0107oj vrhu\u0161ki koja ima na raspolaganju nikad ve\u0107i godi\u0161nji bud\u017eet koji tro\u0161i na plate i ulaganja koja prvenstveno imaju za cilj li\u010dnu korist kroz sumnjive tendere i nabavke<\/p>\n","protected":false},"author":1,"featured_media":359931,"comment_status":"open","ping_status":"closed","sticky":false,"template":"","format":"standard","meta":{"_seopress_robots_primary_cat":"","_seopress_titles_title":"","_seopress_titles_desc":"","_seopress_robots_index":"","_et_pb_use_builder":"","_et_pb_old_content":"","_et_gb_content_width":"","inline_featured_image":false,"footnotes":""},"categories":[4,12],"tags":[2486,2579],"class_list":["post-359930","post","type-post","status-publish","format-standard","has-post-thumbnail","hentry","category-intervjui","category-prica-dana","tag-savnik","tag-tomas-corovic"],"_links":{"self":[{"href":"https:\/\/www.pcnen.com\/portal\/wp-json\/wp\/v2\/posts\/359930","targetHints":{"allow":["GET"]}}],"collection":[{"href":"https:\/\/www.pcnen.com\/portal\/wp-json\/wp\/v2\/posts"}],"about":[{"href":"https:\/\/www.pcnen.com\/portal\/wp-json\/wp\/v2\/types\/post"}],"author":[{"embeddable":true,"href":"https:\/\/www.pcnen.com\/portal\/wp-json\/wp\/v2\/users\/1"}],"replies":[{"embeddable":true,"href":"https:\/\/www.pcnen.com\/portal\/wp-json\/wp\/v2\/comments?post=359930"}],"version-history":[{"count":6,"href":"https:\/\/www.pcnen.com\/portal\/wp-json\/wp\/v2\/posts\/359930\/revisions"}],"predecessor-version":[{"id":359945,"href":"https:\/\/www.pcnen.com\/portal\/wp-json\/wp\/v2\/posts\/359930\/revisions\/359945"}],"wp:featuredmedia":[{"embeddable":true,"href":"https:\/\/www.pcnen.com\/portal\/wp-json\/wp\/v2\/media\/359931"}],"wp:attachment":[{"href":"https:\/\/www.pcnen.com\/portal\/wp-json\/wp\/v2\/media?parent=359930"}],"wp:term":[{"taxonomy":"category","embeddable":true,"href":"https:\/\/www.pcnen.com\/portal\/wp-json\/wp\/v2\/categories?post=359930"},{"taxonomy":"post_tag","embeddable":true,"href":"https:\/\/www.pcnen.com\/portal\/wp-json\/wp\/v2\/tags?post=359930"}],"curies":[{"name":"wp","href":"https:\/\/api.w.org\/{rel}","templated":true}]}}