{"id":359164,"date":"2022-11-20T13:07:51","date_gmt":"2022-11-20T12:07:51","guid":{"rendered":"https:\/\/www.pcnen.com\/portal\/?p=359164"},"modified":"2022-11-20T13:07:51","modified_gmt":"2022-11-20T12:07:51","slug":"makron-obecao-ali-nije-lako-vratiti-oteto-africi","status":"publish","type":"post","link":"https:\/\/www.pcnen.com\/portal\/2022\/11\/20\/makron-obecao-ali-nije-lako-vratiti-oteto-africi\/","title":{"rendered":"Makron obe\u0107ao, ali nije lako vratiti oteto Africi"},"content":{"rendered":"<p>&#8220;Afri\u010dko naslje\u0111e mora biti izlo\u017eeno u Africi&#8221;, rekao je Makron tada i dodao: &#8220;Ne mogu prihvatiti da veliki dio kulturnog naslje\u0111a nekoliko afri\u010dkih zemalja ostaje u Francuskoj&#8221;.<\/p>\n<p>On je obe\u0107ao da \u0107e &#8220;u roku od pet godina biti ispunjeni uslovi za privremenu ili kona\u010dnu restituciju afri\u010dkog naslije\u0111a u Africi&#8221;.<\/p>\n<p>Pet godina kasnije, \u010dini se da je proces restitucije, za koji je potrebna zakonska osnova, i dalje veoma slo\u017een, tako da je samo nekoliko djela vra\u0107eno u svoje afri\u010dke domove, pi\u0161e <a href=\"https:\/\/www.aa.com.tr\/ba\/svijet\/gdje-su-predmeti-oplja%C4%8Dkani-iz-afrike-koje-je-macron-2017-godine-obe%C4%87ao-vratiti-za-pet-godina\/2743194\" target=\"_blank\" rel=\"noopener\">aa.com.tr\/ba.<\/a><\/p>\n","protected":false},"excerpt":{"rendered":"<p>U novembru 2017. godine, na po\u010detku svog prvog mandata, francuski predsjednik Emanuel Makron se obavezao pred 800 studenata u zapadnoafri\u010dkoj zemlji Burkina Faso da \u0107e vratiti djela oplja\u010dkana iz Afrike tokom kolonijalnog perioda.<\/p>\n","protected":false},"author":1,"featured_media":276915,"comment_status":"open","ping_status":"closed","sticky":false,"template":"","format":"standard","meta":{"_seopress_robots_primary_cat":"","_seopress_titles_title":"","_seopress_titles_desc":"","_seopress_robots_index":"","_et_pb_use_builder":"","_et_pb_old_content":"","_et_gb_content_width":"","inline_featured_image":false,"footnotes":""},"categories":[14],"tags":[],"class_list":["post-359164","post","type-post","status-publish","format-standard","has-post-thumbnail","hentry","category-vijesti"],"_links":{"self":[{"href":"https:\/\/www.pcnen.com\/portal\/wp-json\/wp\/v2\/posts\/359164","targetHints":{"allow":["GET"]}}],"collection":[{"href":"https:\/\/www.pcnen.com\/portal\/wp-json\/wp\/v2\/posts"}],"about":[{"href":"https:\/\/www.pcnen.com\/portal\/wp-json\/wp\/v2\/types\/post"}],"author":[{"embeddable":true,"href":"https:\/\/www.pcnen.com\/portal\/wp-json\/wp\/v2\/users\/1"}],"replies":[{"embeddable":true,"href":"https:\/\/www.pcnen.com\/portal\/wp-json\/wp\/v2\/comments?post=359164"}],"version-history":[{"count":1,"href":"https:\/\/www.pcnen.com\/portal\/wp-json\/wp\/v2\/posts\/359164\/revisions"}],"predecessor-version":[{"id":359165,"href":"https:\/\/www.pcnen.com\/portal\/wp-json\/wp\/v2\/posts\/359164\/revisions\/359165"}],"wp:featuredmedia":[{"embeddable":true,"href":"https:\/\/www.pcnen.com\/portal\/wp-json\/wp\/v2\/media\/276915"}],"wp:attachment":[{"href":"https:\/\/www.pcnen.com\/portal\/wp-json\/wp\/v2\/media?parent=359164"}],"wp:term":[{"taxonomy":"category","embeddable":true,"href":"https:\/\/www.pcnen.com\/portal\/wp-json\/wp\/v2\/categories?post=359164"},{"taxonomy":"post_tag","embeddable":true,"href":"https:\/\/www.pcnen.com\/portal\/wp-json\/wp\/v2\/tags?post=359164"}],"curies":[{"name":"wp","href":"https:\/\/api.w.org\/{rel}","templated":true}]}}