{"id":359108,"date":"2022-11-18T18:10:52","date_gmt":"2022-11-18T17:10:52","guid":{"rendered":"https:\/\/www.pcnen.com\/portal\/?p=359108"},"modified":"2022-11-18T18:10:52","modified_gmt":"2022-11-18T17:10:52","slug":"dukanovic-spc-je-najveca-prijetnja-u-regionu","status":"publish","type":"post","link":"https:\/\/www.pcnen.com\/portal\/2022\/11\/18\/dukanovic-spc-je-najveca-prijetnja-u-regionu\/","title":{"rendered":"\u0110ukanovi\u0107: SPC je najve\u0107a prijetnja u regionu"},"content":{"rendered":"<p>\u0110ukanovi\u0107 je na Balkanskom integracionom forumu, u organizaciji Evropskog pokreta Crne Gore, rekao da se ne smije imati iluzija da su balkanski nacionalizmi sahranjeni.<\/p>\n<p>Oni su, kazao je, pretrpjeli poraz, ali njihovi autori iz toga nisu izveli pravi zkalju\u010dak.<\/p>\n<p>&#8220;Oni \u010dekaju svoje vrijeme. Prepoznali su neke nove \u0161anse ba\u0161 sada. Ne grije\u0161im kad ka\u017eem da su prepoznali \u0161ansu u pretpostavljenoj snazi Rusije. Balkanski nacionalizmi i kleronacionalizam koji pomovi\u0161e SPC su najve\u0107a prijetnja po stabilnost regiona. Svako koketerije s tim mo\u017ee biti fatalno. A koketerija je kad se u rje\u0161avanju nekih pitanja pristane na &#8211; &#8216;hajde malo da iskorigujemo granicu&#8217;. Nakon toga s tim se vi\u0161e ne\u0107ete pitati. To su opasna neznanja&#8221;, rekao je \u0110ukanovi\u0107.<\/p>\n<p>On je dodao da se &#8220;protiv velikosrpskog nacionalizma ne treba boriti crnogorskim nacionalizmom&#8221;.<\/p>\n<p>&#8220;Ako bismo se opredijeli na to, bili bismo gubitnici. Protiv svakog nacionalizma treba se boriti idejom gra\u0111anskog dru\u0161tva. Prijedlozi koje sam kao lider DPS-a dobijao da bi te\u017ei\u0161te partijskog programa trebo pomjeriti udesno &#8211; moj odgovor je bio ne&#8221;, rekao je predsjednik Crne Gore.<\/p>\n<p>\u0110ukanovi\u0107 je naveo da se u Crnoj Gori velikosprskom nacionalizmu poku\u0161ava napraviti protivte\u017ea &#8220;kroz izmi\u0161ljanje termina asimptomatskog crnogorskog nacionalizma&#8221;.<\/p>\n<p>&#8220;To je poku\u0161aj da se prikrije njihovo slu\u017eenje velikosrpskom nacionalizmu. Kad god vam neko ka\u017ee da je protiv velikosrpskog nacionalizma, ali i protiv velikog &#8216;asimptomatskog crnogorskog nacionalizma&#8217;, tome ne vjerujete ni\u0161ta. Taj je na jaslama velikosrpskog nacionalizma i ruskog imperijalizma. Nema simetrije izme\u0111u velikosrpskog nacionizma i &#8216;asimptomatskog crnogorskog navionalizma&#8217;. To je izmi\u0161ljotina kojom se ne treba baviti&#8230;&#8221;, naveo je \u0110ukanovi\u0107, prenijele su Vijesti.<\/p>\n","protected":false},"excerpt":{"rendered":"<p>Balkanski nacionalizmi i kleronacionalizam koji promovi\u0161e SPC su najve\u0107a prijetnja po stabilnost regiona, tvrdi crnogorski predsjednik Milo \u0110ukanovi\u0107 i dodaje da svako koketiranje s tim mo\u017ee biti fatalno.<\/p>\n","protected":false},"author":1,"featured_media":312157,"comment_status":"open","ping_status":"closed","sticky":false,"template":"","format":"standard","meta":{"_seopress_robots_primary_cat":"","_seopress_titles_title":"","_seopress_titles_desc":"","_seopress_robots_index":"","_et_pb_use_builder":"","_et_pb_old_content":"","_et_gb_content_width":"","inline_featured_image":false,"footnotes":""},"categories":[14],"tags":[],"class_list":["post-359108","post","type-post","status-publish","format-standard","has-post-thumbnail","hentry","category-vijesti"],"_links":{"self":[{"href":"https:\/\/www.pcnen.com\/portal\/wp-json\/wp\/v2\/posts\/359108","targetHints":{"allow":["GET"]}}],"collection":[{"href":"https:\/\/www.pcnen.com\/portal\/wp-json\/wp\/v2\/posts"}],"about":[{"href":"https:\/\/www.pcnen.com\/portal\/wp-json\/wp\/v2\/types\/post"}],"author":[{"embeddable":true,"href":"https:\/\/www.pcnen.com\/portal\/wp-json\/wp\/v2\/users\/1"}],"replies":[{"embeddable":true,"href":"https:\/\/www.pcnen.com\/portal\/wp-json\/wp\/v2\/comments?post=359108"}],"version-history":[{"count":1,"href":"https:\/\/www.pcnen.com\/portal\/wp-json\/wp\/v2\/posts\/359108\/revisions"}],"predecessor-version":[{"id":359109,"href":"https:\/\/www.pcnen.com\/portal\/wp-json\/wp\/v2\/posts\/359108\/revisions\/359109"}],"wp:featuredmedia":[{"embeddable":true,"href":"https:\/\/www.pcnen.com\/portal\/wp-json\/wp\/v2\/media\/312157"}],"wp:attachment":[{"href":"https:\/\/www.pcnen.com\/portal\/wp-json\/wp\/v2\/media?parent=359108"}],"wp:term":[{"taxonomy":"category","embeddable":true,"href":"https:\/\/www.pcnen.com\/portal\/wp-json\/wp\/v2\/categories?post=359108"},{"taxonomy":"post_tag","embeddable":true,"href":"https:\/\/www.pcnen.com\/portal\/wp-json\/wp\/v2\/tags?post=359108"}],"curies":[{"name":"wp","href":"https:\/\/api.w.org\/{rel}","templated":true}]}}