{"id":359087,"date":"2022-11-18T12:18:56","date_gmt":"2022-11-18T11:18:56","guid":{"rendered":"https:\/\/www.pcnen.com\/portal\/?p=359087"},"modified":"2022-11-18T12:20:04","modified_gmt":"2022-11-18T11:20:04","slug":"bosnjak-uspjeli-smo-da-izvucemo-od-dukanovica-da-nece-dati-mandat-lekicu","status":"publish","type":"post","link":"https:\/\/www.pcnen.com\/portal\/2022\/11\/18\/bosnjak-uspjeli-smo-da-izvucemo-od-dukanovica-da-nece-dati-mandat-lekicu\/","title":{"rendered":"Bo\u0161njak: Uspjeli smo da izvu\u010demo od \u0110ukanovi\u0107a da ne\u0107e dati mandat Leki\u0107u"},"content":{"rendered":"<p>&#8220;Uspjeli smo da izvu\u010demo od predsjednika da ne\u0107e dati mandat Miodragu Leki\u0107u i negdje je priznao da je prekr\u0161io Ustav \u0161to nije pozvao predstavnike svih partija na konsultacije za mandatara&#8221;, kazala je Bo\u0161njak, prenose Vijesti.<\/p>\n<p>Dodala je i da je rekao da nije imao namjeru da ih sve ne pozove, ali je &#8220;pomenuo negdje i skra\u0107enje mandata Skup\u0161tini u smislu da to nije iskoristio&#8221;.<\/p>\n<p>Bo\u0161njak se nada da \u0107e sljede\u0107i sastanak biti konstruktivniji.<\/p>\n<p>Simonida Kordi\u0107 kazala je da opozicija problemtizuje pitanje izmjena Zakona o predsjedniku, a vlast da li je predsjednik prekraio Ustav.<\/p>\n<p>Kordi\u0107 je danas na sastanak predsjednice Skup\u0161tine Danijele \u0110urovi\u0107 sa predstavnicima parlamentarnih partija do\u0161la ispred Demokratskog fronta sa poslanicama Brankom Bo\u0161njak i Majom Vuki\u0107evi\u0107.<\/p>\n<p>Odgovori se, prema njenim rije\u010dima, nalaze u rukama Ustavnog suda.<\/p>\n<p>Kazala je da \u0107e \u010ditava pozicija podr\u017eati sve kandidate za sudije Ustavnog suda, te da je njihov stav da je rje\u0161enje za krizu izbor sudija US i da \u0107e dati puni doprinos.<\/p>\n<p>Maja Vuki\u0107evi\u0107 je rekla da su kolege iz opozicije &#8220;bile tvrde da ne\u0107e glasati za sudije&#8221;.<\/p>\n<p>&#8220;Moj utisak je da svjesno opozicija blokira izbor sudija jer im odgovara ovakvo stanje, ne mogu se proglasiti ni rezultati lokalnih izbora&#8221;, smatra Vuki\u0107evi\u0107.<\/p>\n<blockquote class=\"wp-embedded-content\" data-secret=\"XocEjjhLJK\"><p><a href=\"https:\/\/www.pcnen.com\/portal\/2022\/11\/18\/konjevic-postignut-napredak-dijalog-nastaviti\/\">Konjevi\u0107: Postignut napredak, dijalog nastaviti<\/a><\/p><\/blockquote>\n<p><iframe loading=\"lazy\" class=\"wp-embedded-content\" sandbox=\"allow-scripts\" security=\"restricted\" style=\"position: absolute; clip: rect(1px, 1px, 1px, 1px);\" title=\"&#8220;Konjevi\u0107: Postignut napredak, dijalog nastaviti&#8221; &#8212; PCNEN\" src=\"https:\/\/www.pcnen.com\/portal\/2022\/11\/18\/konjevic-postignut-napredak-dijalog-nastaviti\/embed\/#?secret=HGyiFOmxQh#?secret=XocEjjhLJK\" data-secret=\"XocEjjhLJK\" width=\"600\" height=\"338\" frameborder=\"0\" marginwidth=\"0\" marginheight=\"0\" scrolling=\"no\"><\/iframe><\/p>\n","protected":false},"excerpt":{"rendered":"<p>Poslanica Demokratskog fronta (DF) Branka Bo\u0161njak je nakon sastanka navela da su se saglasili da je Crna Gora u dubokoj krizi i da je prioritet izbor sudija US, ali i da su &#8220;maske pale i da su bili svi brutalno iskreni&#8221;.<\/p>\n","protected":false},"author":1,"featured_media":338000,"comment_status":"open","ping_status":"closed","sticky":false,"template":"","format":"standard","meta":{"_seopress_robots_primary_cat":"","_seopress_titles_title":"","_seopress_titles_desc":"","_seopress_robots_index":"","_et_pb_use_builder":"","_et_pb_old_content":"","_et_gb_content_width":"","inline_featured_image":false,"footnotes":""},"categories":[14],"tags":[],"class_list":["post-359087","post","type-post","status-publish","format-standard","has-post-thumbnail","hentry","category-vijesti"],"_links":{"self":[{"href":"https:\/\/www.pcnen.com\/portal\/wp-json\/wp\/v2\/posts\/359087","targetHints":{"allow":["GET"]}}],"collection":[{"href":"https:\/\/www.pcnen.com\/portal\/wp-json\/wp\/v2\/posts"}],"about":[{"href":"https:\/\/www.pcnen.com\/portal\/wp-json\/wp\/v2\/types\/post"}],"author":[{"embeddable":true,"href":"https:\/\/www.pcnen.com\/portal\/wp-json\/wp\/v2\/users\/1"}],"replies":[{"embeddable":true,"href":"https:\/\/www.pcnen.com\/portal\/wp-json\/wp\/v2\/comments?post=359087"}],"version-history":[{"count":2,"href":"https:\/\/www.pcnen.com\/portal\/wp-json\/wp\/v2\/posts\/359087\/revisions"}],"predecessor-version":[{"id":359089,"href":"https:\/\/www.pcnen.com\/portal\/wp-json\/wp\/v2\/posts\/359087\/revisions\/359089"}],"wp:featuredmedia":[{"embeddable":true,"href":"https:\/\/www.pcnen.com\/portal\/wp-json\/wp\/v2\/media\/338000"}],"wp:attachment":[{"href":"https:\/\/www.pcnen.com\/portal\/wp-json\/wp\/v2\/media?parent=359087"}],"wp:term":[{"taxonomy":"category","embeddable":true,"href":"https:\/\/www.pcnen.com\/portal\/wp-json\/wp\/v2\/categories?post=359087"},{"taxonomy":"post_tag","embeddable":true,"href":"https:\/\/www.pcnen.com\/portal\/wp-json\/wp\/v2\/tags?post=359087"}],"curies":[{"name":"wp","href":"https:\/\/api.w.org\/{rel}","templated":true}]}}