{"id":359051,"date":"2022-11-17T22:29:04","date_gmt":"2022-11-17T21:29:04","guid":{"rendered":"https:\/\/www.pcnen.com\/portal\/?p=359051"},"modified":"2022-11-17T22:29:04","modified_gmt":"2022-11-17T21:29:04","slug":"optuzeni-bivsi-sef-anb-otkrio-nezakonito-prisluskivali-katnica-da-bi-ga-zastitili","status":"publish","type":"post","link":"https:\/\/www.pcnen.com\/portal\/2022\/11\/17\/optuzeni-bivsi-sef-anb-otkrio-nezakonito-prisluskivali-katnica-da-bi-ga-zastitili\/","title":{"rendered":"Optu\u017eeni biv\u0161i \u0161ef ANB otkrio: Nezakonito prislu\u0161kivali Katni\u0107a da bi ga za\u0161titili"},"content":{"rendered":"<p>Katni\u0107 je, prema navodima koje je pro\u010ditao Kne\u017eevi\u0107, prislu\u0161kivan zbog sumnje da \u0107e Demokratski front da ga likvidira, pa je biulo potrebno kontrolisati ljude koji se nalaze u Katni\u0107evom radnom okru\u017eenju.<\/p>\n<p>Peruni\u010di\u0107 je zbog nezakonitog prislu\u0161kivanja optu\u017een za zloupotrebu slu\u017ebenog polo\u017eaja i sudski proces je u toku.<\/p>\n<p>&nbsp;<\/p>\n<blockquote class=\"wp-embedded-content\" data-secret=\"9hqbiUPIfu\"><p><a href=\"https:\/\/www.pcnen.com\/portal\/2022\/01\/14\/sdt-bivsi-sef-anb-perunicic-pravio-biljeske-o-katnicevim-razgovorima\/\">SDT: Biv\u0161i \u0161ef ANB Peruni\u010di\u0107 pravio bilje\u0161ke o Katni\u0107evim razgovorima<\/a><\/p><\/blockquote>\n<p><iframe loading=\"lazy\" class=\"wp-embedded-content\" sandbox=\"allow-scripts\" security=\"restricted\" style=\"position: absolute; clip: rect(1px, 1px, 1px, 1px);\" title=\"&#8220;SDT: Biv\u0161i \u0161ef ANB Peruni\u010di\u0107 pravio bilje\u0161ke o Katni\u0107evim razgovorima&#8221; &#8212; PCNEN\" src=\"https:\/\/www.pcnen.com\/portal\/2022\/01\/14\/sdt-bivsi-sef-anb-perunicic-pravio-biljeske-o-katnicevim-razgovorima\/embed\/#?secret=xZPCA1doBk#?secret=9hqbiUPIfu\" data-secret=\"9hqbiUPIfu\" width=\"600\" height=\"338\" frameborder=\"0\" marginwidth=\"0\" marginheight=\"0\" scrolling=\"no\"><\/iframe><\/p>\n","protected":false},"excerpt":{"rendered":"<p>Predsjednik Demokratske narodne partije i jedan od lidera Demokratskog fronta Milan Kne\u017eevi\u0107 otkrio je ve\u010deras, gostuju\u0107i u emisiji \u2018Neki to vole vru\u0107e\u2019 na TV Adria, kako je optu\u017eeni biv\u0161i direktor Agencije za nacionalnu bezbjednost Dejan Peruni\u010di\u0107 obja\u0161njavao za\u0161to je nezakonito prislu\u0161kivan biv\u0161i glavni specijalni tu\u017eilac Milivoje Katni\u0107.<\/p>\n","protected":false},"author":1,"featured_media":330652,"comment_status":"open","ping_status":"closed","sticky":false,"template":"","format":"standard","meta":{"_seopress_robots_primary_cat":"","_seopress_titles_title":"","_seopress_titles_desc":"","_seopress_robots_index":"","_et_pb_use_builder":"","_et_pb_old_content":"","_et_gb_content_width":"","inline_featured_image":false,"footnotes":""},"categories":[14],"tags":[],"class_list":["post-359051","post","type-post","status-publish","format-standard","has-post-thumbnail","hentry","category-vijesti"],"_links":{"self":[{"href":"https:\/\/www.pcnen.com\/portal\/wp-json\/wp\/v2\/posts\/359051","targetHints":{"allow":["GET"]}}],"collection":[{"href":"https:\/\/www.pcnen.com\/portal\/wp-json\/wp\/v2\/posts"}],"about":[{"href":"https:\/\/www.pcnen.com\/portal\/wp-json\/wp\/v2\/types\/post"}],"author":[{"embeddable":true,"href":"https:\/\/www.pcnen.com\/portal\/wp-json\/wp\/v2\/users\/1"}],"replies":[{"embeddable":true,"href":"https:\/\/www.pcnen.com\/portal\/wp-json\/wp\/v2\/comments?post=359051"}],"version-history":[{"count":1,"href":"https:\/\/www.pcnen.com\/portal\/wp-json\/wp\/v2\/posts\/359051\/revisions"}],"predecessor-version":[{"id":359052,"href":"https:\/\/www.pcnen.com\/portal\/wp-json\/wp\/v2\/posts\/359051\/revisions\/359052"}],"wp:featuredmedia":[{"embeddable":true,"href":"https:\/\/www.pcnen.com\/portal\/wp-json\/wp\/v2\/media\/330652"}],"wp:attachment":[{"href":"https:\/\/www.pcnen.com\/portal\/wp-json\/wp\/v2\/media?parent=359051"}],"wp:term":[{"taxonomy":"category","embeddable":true,"href":"https:\/\/www.pcnen.com\/portal\/wp-json\/wp\/v2\/categories?post=359051"},{"taxonomy":"post_tag","embeddable":true,"href":"https:\/\/www.pcnen.com\/portal\/wp-json\/wp\/v2\/tags?post=359051"}],"curies":[{"name":"wp","href":"https:\/\/api.w.org\/{rel}","templated":true}]}}