{"id":359037,"date":"2022-11-17T17:40:15","date_gmt":"2022-11-17T16:40:15","guid":{"rendered":"https:\/\/www.pcnen.com\/portal\/?p=359037"},"modified":"2022-11-17T17:42:26","modified_gmt":"2022-11-17T16:42:26","slug":"durovic-nedolazak-lidera-na-sastanak-bio-bi-losa-poruka","status":"publish","type":"post","link":"https:\/\/www.pcnen.com\/portal\/2022\/11\/17\/durovic-nedolazak-lidera-na-sastanak-bio-bi-losa-poruka\/","title":{"rendered":"\u0110urovi\u0107: Nedolazak lidera na sastanak bio bi lo\u0161a poruka"},"content":{"rendered":"<p>\u0110urovi\u0107 je u izjavi za RTCG kazala da su izbor sudija Ustavnog suda, kompletiranje Sudskog savjeta, izbor VDT-a, te sprovo\u0111enje izborne reforme prioritetne teme oko kojih se mora na\u0107i minimum saglasnosti.<\/p>\n<p>&#8220;Vremena za \u010dekanje vi\u0161e nema, kao ni izgovora i opravdanja za odlaganje onoga \u0161to je davno trebalo da uradimo&#8221;, poru\u010dila je \u0110urovi\u0107.<\/p>\n<p>Poru\u010dila je da su politi\u010dari u obavezi da gra\u0111ane izvedu iz stanja tenzije.<\/p>\n<p>&#8220;Gra\u0111ani su umorni od na\u0161ih stalnih nesuglasica i prebacivanja odgovornosti i tra\u017ee da prona\u0111emo na\u010din za odblokiranje institucija i nastavak evropskog puta Crne Gore. Kao odgovorni politi\u010dari, du\u017eni smo da ih izvedemo iz stanja tenzije koje traje neprimjereno dugo i da im kona\u010dno stvorimo uslove za bolji \u017eivot.<\/p>\n<p>Zbog toga, tra\u017eim od politi\u010dkih subjekata da se na sjutra\u0161njem sastanku pojave na nivou lidera i da tom susretu damo neophodnu dozu ozbiljnosti&#8221;, navela je \u0110urovi\u0107.<\/p>\n<p>Ocijenila je da bilo kakve improvizacije po pitanju dolaska ili nedolaska na sastanak, kao i promjene formata u\u010de\u0161\u0107a na istom ne doprinose izlasku iz krize.<\/p>\n<p>&#8220;Naprotiv, samo \u0107e do kraja ogoliti i diskreditovati one politi\u010dke subjekte koji se njima bave i degradirati ih u o\u010dima i gra\u0111ana i me\u0111unarodne javnosti&#8221;, zaklju\u010dila je \u0110urovi\u0107.<\/p>\n<p>\u0110urovi\u0107 je za sjutra, 18. novembar, zakazala sastanak sa predsjednicima parlamentarnih partija radi prevazila\u017eenja politi\u010dke krize u Crnoj Gori.<\/p>\n<p>&nbsp;<\/p>\n<blockquote class=\"wp-embedded-content\" data-secret=\"ot6fbcKF0g\"><p><a href=\"https:\/\/www.pcnen.com\/portal\/2022\/11\/09\/durovic-najavila-novi-sastanak-lidera-parlamentarnih-partija\/\">\u0110urovi\u0107 najavila novi sastanak lidera parlamentarnih partija<\/a><\/p><\/blockquote>\n<p><iframe loading=\"lazy\" class=\"wp-embedded-content\" sandbox=\"allow-scripts\" security=\"restricted\" style=\"position: absolute; clip: rect(1px, 1px, 1px, 1px);\" title=\"&#8220;\u0110urovi\u0107 najavila novi sastanak lidera parlamentarnih partija&#8221; &#8212; PCNEN\" src=\"https:\/\/www.pcnen.com\/portal\/2022\/11\/09\/durovic-najavila-novi-sastanak-lidera-parlamentarnih-partija\/embed\/#?secret=WXxjKECM0M#?secret=ot6fbcKF0g\" data-secret=\"ot6fbcKF0g\" width=\"600\" height=\"338\" frameborder=\"0\" marginwidth=\"0\" marginheight=\"0\" scrolling=\"no\"><\/iframe><\/p>\n","protected":false},"excerpt":{"rendered":"<p>Predsjednica crnogorskog Parlamenta Danijela \u0110urovi\u0107 pozvala je lidere svih parlamentarnih partija da do\u0111u na sjutra\u0161nji sastanak o prevazila\u017eenju politi\u010dke krize, kako bi se na\u0161ao izlaz iz ozbiljne politi\u010dke situacije u kojoj se Crna Gora nalazi.<\/p>\n","protected":false},"author":1,"featured_media":358454,"comment_status":"open","ping_status":"closed","sticky":false,"template":"","format":"standard","meta":{"_seopress_robots_primary_cat":"","_seopress_titles_title":"","_seopress_titles_desc":"","_seopress_robots_index":"","_et_pb_use_builder":"","_et_pb_old_content":"","_et_gb_content_width":"","inline_featured_image":false,"footnotes":""},"categories":[14],"tags":[],"class_list":["post-359037","post","type-post","status-publish","format-standard","has-post-thumbnail","hentry","category-vijesti"],"_links":{"self":[{"href":"https:\/\/www.pcnen.com\/portal\/wp-json\/wp\/v2\/posts\/359037","targetHints":{"allow":["GET"]}}],"collection":[{"href":"https:\/\/www.pcnen.com\/portal\/wp-json\/wp\/v2\/posts"}],"about":[{"href":"https:\/\/www.pcnen.com\/portal\/wp-json\/wp\/v2\/types\/post"}],"author":[{"embeddable":true,"href":"https:\/\/www.pcnen.com\/portal\/wp-json\/wp\/v2\/users\/1"}],"replies":[{"embeddable":true,"href":"https:\/\/www.pcnen.com\/portal\/wp-json\/wp\/v2\/comments?post=359037"}],"version-history":[{"count":2,"href":"https:\/\/www.pcnen.com\/portal\/wp-json\/wp\/v2\/posts\/359037\/revisions"}],"predecessor-version":[{"id":359039,"href":"https:\/\/www.pcnen.com\/portal\/wp-json\/wp\/v2\/posts\/359037\/revisions\/359039"}],"wp:featuredmedia":[{"embeddable":true,"href":"https:\/\/www.pcnen.com\/portal\/wp-json\/wp\/v2\/media\/358454"}],"wp:attachment":[{"href":"https:\/\/www.pcnen.com\/portal\/wp-json\/wp\/v2\/media?parent=359037"}],"wp:term":[{"taxonomy":"category","embeddable":true,"href":"https:\/\/www.pcnen.com\/portal\/wp-json\/wp\/v2\/categories?post=359037"},{"taxonomy":"post_tag","embeddable":true,"href":"https:\/\/www.pcnen.com\/portal\/wp-json\/wp\/v2\/tags?post=359037"}],"curies":[{"name":"wp","href":"https:\/\/api.w.org\/{rel}","templated":true}]}}