{"id":359031,"date":"2022-11-17T14:54:12","date_gmt":"2022-11-17T13:54:12","guid":{"rendered":"https:\/\/www.pcnen.com\/portal\/?p=359031"},"modified":"2022-11-17T14:54:12","modified_gmt":"2022-11-17T13:54:12","slug":"imcg-reagovao-na-izvjestaj-birn-a-o-ekstremizmu","status":"publish","type":"post","link":"https:\/\/www.pcnen.com\/portal\/2022\/11\/17\/imcg-reagovao-na-izvjestaj-birn-a-o-ekstremizmu\/","title":{"rendered":"IMCG reagovao na izvje\u0161taj BIRN-a o ekstremizmu"},"content":{"rendered":"<p>\u201cInstitut za medije sa zabrinuto\u0161\u0107u gleda na istra\u017eivanje Balkanske istra\u017eiva\u010dke mre\u017ee- BIRN, koje je u grupu esktremisti\u010dkih organizacija svrstao i okarakterisao aktivizam koleginica, novinarki Ka\u0107u\u0161e Krsmanovi\u0107 i Tatjane Pavi\u0107evi\u0107 i ocjenjuje da je rije\u010d o targetiranju novinarki, lo\u0161oj namjeri i zamjeni teza\u201d, re\u010deno je u reagovanju.<\/p>\n<p>BIRN je ju\u010de objavio<a href=\"https:\/\/far-rightmap.balkaninsight.com\/map_countries\/montenegro\/\" target=\"_blank\" rel=\"noopener\"> interaktivnu mapu, istra\u017eivanje \u201eKrajnje desni ekstremizam na Balkanu: grupe, trendovi i politi\u010dka podr\u0161ka\u201c.<\/a><\/p>\n<p>\u201cTargetiranje novinarki samo zato \u0161to se kriti\u010dki odnose prema djelovanju jedne crkvene zajednice u Crnoj Gori moglo bi ugroziti njihovu bezbjednost i izlo\u017eiti ih napadu raznih grupacija i pojedinaca, za \u0161ta u politi\u010dki zao\u0161trenom ambijentu kakav je crnogorski, te uz \u010dinjenicu da u poslednje vrijeme svjedo\u010dimo porastu napada na novinre\/ke, postoji realna opasnost. Tako, nadamo se, dobra namjera BIRN-a da, kako se navodi u prezentaciji izvje\u0161taja, \u2018doprinese izgradnji stabilnog i zdravog dru\u0161tva\u2019\u201d, rizikuje da se pretvori u suprotnost\u201d, navodi se u reagovanju koje potpisuje Tim IMCG.<\/p>\n","protected":false},"excerpt":{"rendered":"<p>Nevladina organizacija Institut za medije Crne Gore (IMCG) je reagovao danas na istra\u017eivanje BIRN-a u kome je, kako se navodi, targetiraju novinarke i kritka svodi na \u2018ekstremizam\u2019.<\/p>\n","protected":false},"author":1,"featured_media":346083,"comment_status":"open","ping_status":"closed","sticky":false,"template":"","format":"standard","meta":{"_seopress_robots_primary_cat":"","_seopress_titles_title":"","_seopress_titles_desc":"","_seopress_robots_index":"","_et_pb_use_builder":"","_et_pb_old_content":"","_et_gb_content_width":"","inline_featured_image":false,"footnotes":""},"categories":[14],"tags":[],"class_list":["post-359031","post","type-post","status-publish","format-standard","has-post-thumbnail","hentry","category-vijesti"],"_links":{"self":[{"href":"https:\/\/www.pcnen.com\/portal\/wp-json\/wp\/v2\/posts\/359031","targetHints":{"allow":["GET"]}}],"collection":[{"href":"https:\/\/www.pcnen.com\/portal\/wp-json\/wp\/v2\/posts"}],"about":[{"href":"https:\/\/www.pcnen.com\/portal\/wp-json\/wp\/v2\/types\/post"}],"author":[{"embeddable":true,"href":"https:\/\/www.pcnen.com\/portal\/wp-json\/wp\/v2\/users\/1"}],"replies":[{"embeddable":true,"href":"https:\/\/www.pcnen.com\/portal\/wp-json\/wp\/v2\/comments?post=359031"}],"version-history":[{"count":1,"href":"https:\/\/www.pcnen.com\/portal\/wp-json\/wp\/v2\/posts\/359031\/revisions"}],"predecessor-version":[{"id":359032,"href":"https:\/\/www.pcnen.com\/portal\/wp-json\/wp\/v2\/posts\/359031\/revisions\/359032"}],"wp:featuredmedia":[{"embeddable":true,"href":"https:\/\/www.pcnen.com\/portal\/wp-json\/wp\/v2\/media\/346083"}],"wp:attachment":[{"href":"https:\/\/www.pcnen.com\/portal\/wp-json\/wp\/v2\/media?parent=359031"}],"wp:term":[{"taxonomy":"category","embeddable":true,"href":"https:\/\/www.pcnen.com\/portal\/wp-json\/wp\/v2\/categories?post=359031"},{"taxonomy":"post_tag","embeddable":true,"href":"https:\/\/www.pcnen.com\/portal\/wp-json\/wp\/v2\/tags?post=359031"}],"curies":[{"name":"wp","href":"https:\/\/api.w.org\/{rel}","templated":true}]}}