{"id":359025,"date":"2022-11-17T12:03:11","date_gmt":"2022-11-17T11:03:11","guid":{"rendered":"https:\/\/www.pcnen.com\/portal\/?p=359025"},"modified":"2022-11-17T12:05:09","modified_gmt":"2022-11-17T11:05:09","slug":"republikancima-vecina-u-predstavnickom-domu-kongresa-sad","status":"publish","type":"post","link":"https:\/\/www.pcnen.com\/portal\/2022\/11\/17\/republikancima-vecina-u-predstavnickom-domu-kongresa-sad\/","title":{"rendered":"Republikancima ve\u0107ina u Predstavni\u010dkom domu Kongresa SAD"},"content":{"rendered":"<p>Du\u017ee od nedelju dana nakon odr\u017eavanja izbora na polovini mandata aktuelne ameri\u010dke administracije, republikanci su obezbijedili 218 mjesta \u2013 koliko je bilo potrebno za prevlast u tom tijelu ameri\u010dke zakonodavne vlasti.<\/p>\n<p>Za sada nije poznato koliku su ve\u0107inu republikanci osvojili u donjem domu Kongresa &#8211; jer se i dalje broje glasove u klju\u010dnim dr\u017eavama za ishod izbora.<\/p>\n<p>Prevlast u donjem domu Kongresa republikancima \u0107e omogu\u0107iti da uti\u010du na agendu aktuelnog predsjednika D\u017eoa Bajdena i pokre\u0107u procese u \u010dijem bi se sredi\u0161tu mogli na\u0107i on ili \u010dlanovi njegove porodice, <a href=\"https:\/\/www.glasamerike.net\/a\/amerika-izbori-rezultati-predstavnicki-dom-republikanci-pobeda\/6838166.html\" target=\"_blank\" rel=\"noopener\">prenosi VoA.<\/a><\/p>\n<p>Borba za prevlast u Senatu ameri\u010dkog Kongresa zavr\u0161ena je pobedom Demokratske stranke.<\/p>\n","protected":false},"excerpt":{"rendered":"<p>Republikanska stranka je preuzela kontrolu nad Predstavni\u010dkim domom ameri\u010dkog Kongresa &#8211; \u010dime se delimi\u010dno vratila na vlast u SAD.<\/p>\n","protected":false},"author":1,"featured_media":340005,"comment_status":"open","ping_status":"closed","sticky":false,"template":"","format":"standard","meta":{"_seopress_robots_primary_cat":"","_seopress_titles_title":"","_seopress_titles_desc":"","_seopress_robots_index":"","_et_pb_use_builder":"","_et_pb_old_content":"","_et_gb_content_width":"","inline_featured_image":false,"footnotes":""},"categories":[14],"tags":[1524],"class_list":["post-359025","post","type-post","status-publish","format-standard","has-post-thumbnail","hentry","category-vijesti","tag-kongres-sad"],"_links":{"self":[{"href":"https:\/\/www.pcnen.com\/portal\/wp-json\/wp\/v2\/posts\/359025","targetHints":{"allow":["GET"]}}],"collection":[{"href":"https:\/\/www.pcnen.com\/portal\/wp-json\/wp\/v2\/posts"}],"about":[{"href":"https:\/\/www.pcnen.com\/portal\/wp-json\/wp\/v2\/types\/post"}],"author":[{"embeddable":true,"href":"https:\/\/www.pcnen.com\/portal\/wp-json\/wp\/v2\/users\/1"}],"replies":[{"embeddable":true,"href":"https:\/\/www.pcnen.com\/portal\/wp-json\/wp\/v2\/comments?post=359025"}],"version-history":[{"count":3,"href":"https:\/\/www.pcnen.com\/portal\/wp-json\/wp\/v2\/posts\/359025\/revisions"}],"predecessor-version":[{"id":359028,"href":"https:\/\/www.pcnen.com\/portal\/wp-json\/wp\/v2\/posts\/359025\/revisions\/359028"}],"wp:featuredmedia":[{"embeddable":true,"href":"https:\/\/www.pcnen.com\/portal\/wp-json\/wp\/v2\/media\/340005"}],"wp:attachment":[{"href":"https:\/\/www.pcnen.com\/portal\/wp-json\/wp\/v2\/media?parent=359025"}],"wp:term":[{"taxonomy":"category","embeddable":true,"href":"https:\/\/www.pcnen.com\/portal\/wp-json\/wp\/v2\/categories?post=359025"},{"taxonomy":"post_tag","embeddable":true,"href":"https:\/\/www.pcnen.com\/portal\/wp-json\/wp\/v2\/tags?post=359025"}],"curies":[{"name":"wp","href":"https:\/\/api.w.org\/{rel}","templated":true}]}}