{"id":359011,"date":"2022-11-17T10:32:00","date_gmt":"2022-11-17T09:32:00","guid":{"rendered":"https:\/\/www.pcnen.com\/portal\/?p=359011"},"modified":"2022-11-17T10:32:00","modified_gmt":"2022-11-17T09:32:00","slug":"veceras-drugi-protest-ima-nas-organizovani-polasci-iz-svih-gradova","status":"publish","type":"post","link":"https:\/\/www.pcnen.com\/portal\/2022\/11\/17\/veceras-drugi-protest-ima-nas-organizovani-polasci-iz-svih-gradova\/","title":{"rendered":"Ve\u010deras drugi protest \u2018Ima nas\u2019, organizovani polasci iz svih gradova"},"content":{"rendered":"<p>Zbog velikog interesovanja gra\u0111ana iz svih radova Crne Gore, organizovani su dolasci, naveli su organizatori.<\/p>\n<p>\u201cSa novog, jo\u0161 masovnijeg i brojnijeg skupa poslati sna\u017enu poruku \u2013 IMA NAS! I IMAS NAS a tek \u0107e da nas bude! Ne odustajemo sve dok se ne ispune na\u0161i zahtjevi koji su od krucijalne va\u017enosti za dalju budu\u0107nost dr\u017eave i njenih gra\u0111ana\u201d, poru\u010duju u saop\u0161tenju.<\/p>\n<p>Na ovim protestima, navode iz pokreta \u201cIma nas\u201d, jasno stavljamo do znanja da \u201cne \u017eelimo vra\u0107anje u aveti pro\u0161losti u koje nas guraji oni koji nikako da odu sa funkcija na kojima su\u201d.<\/p>\n<p>\u201cDa shvate da se Crnom Gore ne mo\u017ee upravljati iz drugih dr\u017eava, ve\u0107 da epicentar odlu\u010divanja bude u Crnoj Gori, da ne \u017eelimo da smo pod ni\u010dijim \u0161injelom, da \u017eelimo da gradimo i dr\u017eavu i dru\u0161tvo po mjeri gra\u0111ana i savremenih evropskih tekovima \u2013 zato 17. novembra vidimo se na platu ispred Skup\u0161tine u 20 h u jo\u0161 masovnijem izdanju. Budi dio rje\u0161enja. \u010cekamo vas! \u201cIMA NAS\u201d, zaklju\u010duju u saop\u0161tenju.<\/p>\n<blockquote class=\"wp-embedded-content\" data-secret=\"OfEPpKNQmD\"><p><a href=\"https:\/\/www.pcnen.com\/portal\/2022\/11\/09\/dukanovic-ima-nas-i-bice-nas-kad-god-treba\/\">\u0110ukanovi\u0107: Ima nas i bi\u0107e nas kad god treba<\/a><\/p><\/blockquote>\n<p><iframe loading=\"lazy\" class=\"wp-embedded-content\" sandbox=\"allow-scripts\" security=\"restricted\" style=\"position: absolute; clip: rect(1px, 1px, 1px, 1px);\" title=\"&#8220;\u0110ukanovi\u0107: Ima nas i bi\u0107e nas kad god treba&#8221; &#8212; PCNEN\" src=\"https:\/\/www.pcnen.com\/portal\/2022\/11\/09\/dukanovic-ima-nas-i-bice-nas-kad-god-treba\/embed\/#?secret=NGAWdZrodd#?secret=OfEPpKNQmD\" data-secret=\"OfEPpKNQmD\" width=\"600\" height=\"338\" frameborder=\"0\" marginwidth=\"0\" marginheight=\"0\" scrolling=\"no\"><\/iframe><\/p>\n","protected":false},"excerpt":{"rendered":"<p>Protest pod sloganom &#8220;Ima nas&#8221; bi\u0107e odr\u017ean ve\u010deras u Podgorici od 20 sati na platou ispred Skup\u0161tine Crne Gore.<\/p>\n","protected":false},"author":1,"featured_media":359012,"comment_status":"open","ping_status":"closed","sticky":false,"template":"","format":"standard","meta":{"_seopress_robots_primary_cat":"","_seopress_titles_title":"","_seopress_titles_desc":"","_seopress_robots_index":"","_et_pb_use_builder":"","_et_pb_old_content":"","_et_gb_content_width":"","inline_featured_image":false,"footnotes":""},"categories":[14],"tags":[],"class_list":["post-359011","post","type-post","status-publish","format-standard","has-post-thumbnail","hentry","category-vijesti"],"_links":{"self":[{"href":"https:\/\/www.pcnen.com\/portal\/wp-json\/wp\/v2\/posts\/359011","targetHints":{"allow":["GET"]}}],"collection":[{"href":"https:\/\/www.pcnen.com\/portal\/wp-json\/wp\/v2\/posts"}],"about":[{"href":"https:\/\/www.pcnen.com\/portal\/wp-json\/wp\/v2\/types\/post"}],"author":[{"embeddable":true,"href":"https:\/\/www.pcnen.com\/portal\/wp-json\/wp\/v2\/users\/1"}],"replies":[{"embeddable":true,"href":"https:\/\/www.pcnen.com\/portal\/wp-json\/wp\/v2\/comments?post=359011"}],"version-history":[{"count":1,"href":"https:\/\/www.pcnen.com\/portal\/wp-json\/wp\/v2\/posts\/359011\/revisions"}],"predecessor-version":[{"id":359013,"href":"https:\/\/www.pcnen.com\/portal\/wp-json\/wp\/v2\/posts\/359011\/revisions\/359013"}],"wp:featuredmedia":[{"embeddable":true,"href":"https:\/\/www.pcnen.com\/portal\/wp-json\/wp\/v2\/media\/359012"}],"wp:attachment":[{"href":"https:\/\/www.pcnen.com\/portal\/wp-json\/wp\/v2\/media?parent=359011"}],"wp:term":[{"taxonomy":"category","embeddable":true,"href":"https:\/\/www.pcnen.com\/portal\/wp-json\/wp\/v2\/categories?post=359011"},{"taxonomy":"post_tag","embeddable":true,"href":"https:\/\/www.pcnen.com\/portal\/wp-json\/wp\/v2\/tags?post=359011"}],"curies":[{"name":"wp","href":"https:\/\/api.w.org\/{rel}","templated":true}]}}