{"id":359008,"date":"2022-11-17T10:19:13","date_gmt":"2022-11-17T09:19:13","guid":{"rendered":"https:\/\/www.pcnen.com\/portal\/?p=359008"},"modified":"2022-11-17T10:45:59","modified_gmt":"2022-11-17T09:45:59","slug":"pocela-kontrola-optuznice-vesne-medenice","status":"publish","type":"post","link":"https:\/\/www.pcnen.com\/portal\/2022\/11\/17\/pocela-kontrola-optuznice-vesne-medenice\/","title":{"rendered":"Po\u010dela kontrola optu\u017enice Vesne Medenice"},"content":{"rendered":"<p>U toj instituciji u toku je kontrola optu\u017enice protiv nje i ostalih okrivljenih zbog sumnje da su po\u010dinili te\u0161ka krivi\u010dna djela, uklju\u010duju\u0107i i stvaranje kriminalne organizacije.<\/p>\n<p>Medenici je 11. novembra odlukom Vi\u0161eg suda ukinut pritvor nakon \u017ealbe odbrane Apelacionom sudu na prethodno rje\u0161enje kojim joj je bio produ\u017een boravak u Istra\u017enom zatvoru. Njen sin Milo\u0161 ostao je u zatvoru.<\/p>\n<p>SDT je predalo optu\u017enicu protiv Vesne Medenice i jo\u0161 jednog broja lica zbog sumnje da su po\u010dinili te\u0161ka krivi\u010dna djela, uklju\u010duju\u0107i i stvaranje kriminalne organizacije.<\/p>\n<p>Osim Vesne i Milo\u0161a Medenice, optu\u017enica je podignuta i protiv Darka Lalovi\u0107a, Vasilija Petrovi\u0107a, Bojana i Marka Popovi\u0107a, Milice Vlahovi\u0107 Milosavljevi\u0107, Marka Vu\u010dini\u0107a, Milorada Medenice, Luke Bako\u010da, Petra Milutinovi\u0107a, Ivane Kova\u010devi\u0107, Radomira Rai\u010devi\u0107a, Marjana Bevenje, Steva Karaniki\u0107a i Gorana Jovanovi\u0107a i \u201eKopad Company\u201c DOO Nik\u0161i\u0107\u2026<\/p>\n<p>Kako se navodi u optu\u017enici, oni se sumnji\u010de za krivi\u010dna djela stvaranje kriminalne organizacije, produ\u017eeno krivi\u010dno djelo krijum\u010darenje, produ\u017eeno krivi\u010dno djelo davanje mita, primanje mita, protivzakoniti uticaj i navo\u0111enje na protivzakoniti uticaj.<\/p>\n<blockquote class=\"wp-embedded-content\" data-secret=\"QrTkZWLUUk\"><p><a href=\"https:\/\/www.pcnen.com\/portal\/2022\/11\/14\/sdt-podnijelo-zalbu-na-ukidanje-pritvora-vesni-medenici\/\">SDT podnijelo \u017ealbu na ukidanje pritvora Vesni Medenici<\/a><\/p><\/blockquote>\n<p><iframe loading=\"lazy\" class=\"wp-embedded-content\" sandbox=\"allow-scripts\" security=\"restricted\" style=\"position: absolute; clip: rect(1px, 1px, 1px, 1px);\" title=\"&#8220;SDT podnijelo \u017ealbu na ukidanje pritvora Vesni Medenici&#8221; &#8212; PCNEN\" src=\"https:\/\/www.pcnen.com\/portal\/2022\/11\/14\/sdt-podnijelo-zalbu-na-ukidanje-pritvora-vesni-medenici\/embed\/#?secret=Ah05MiJ2XV#?secret=QrTkZWLUUk\" data-secret=\"QrTkZWLUUk\" width=\"600\" height=\"338\" frameborder=\"0\" marginwidth=\"0\" marginheight=\"0\" scrolling=\"no\"><\/iframe><\/p>\n","protected":false},"excerpt":{"rendered":"<p>Biv\u0161a predsjednica Vrhovnog suda Vesna Medenica stigla je jutros u Vi\u0161i sud u Podgorici, u partnji advokata.<\/p>\n","protected":false},"author":1,"featured_media":343358,"comment_status":"open","ping_status":"closed","sticky":false,"template":"","format":"standard","meta":{"_seopress_robots_primary_cat":"","_seopress_titles_title":"","_seopress_titles_desc":"","_seopress_robots_index":"","_et_pb_use_builder":"","_et_pb_old_content":"","_et_gb_content_width":"","inline_featured_image":false,"footnotes":""},"categories":[14],"tags":[],"class_list":["post-359008","post","type-post","status-publish","format-standard","has-post-thumbnail","hentry","category-vijesti"],"_links":{"self":[{"href":"https:\/\/www.pcnen.com\/portal\/wp-json\/wp\/v2\/posts\/359008","targetHints":{"allow":["GET"]}}],"collection":[{"href":"https:\/\/www.pcnen.com\/portal\/wp-json\/wp\/v2\/posts"}],"about":[{"href":"https:\/\/www.pcnen.com\/portal\/wp-json\/wp\/v2\/types\/post"}],"author":[{"embeddable":true,"href":"https:\/\/www.pcnen.com\/portal\/wp-json\/wp\/v2\/users\/1"}],"replies":[{"embeddable":true,"href":"https:\/\/www.pcnen.com\/portal\/wp-json\/wp\/v2\/comments?post=359008"}],"version-history":[{"count":2,"href":"https:\/\/www.pcnen.com\/portal\/wp-json\/wp\/v2\/posts\/359008\/revisions"}],"predecessor-version":[{"id":359018,"href":"https:\/\/www.pcnen.com\/portal\/wp-json\/wp\/v2\/posts\/359008\/revisions\/359018"}],"wp:featuredmedia":[{"embeddable":true,"href":"https:\/\/www.pcnen.com\/portal\/wp-json\/wp\/v2\/media\/343358"}],"wp:attachment":[{"href":"https:\/\/www.pcnen.com\/portal\/wp-json\/wp\/v2\/media?parent=359008"}],"wp:term":[{"taxonomy":"category","embeddable":true,"href":"https:\/\/www.pcnen.com\/portal\/wp-json\/wp\/v2\/categories?post=359008"},{"taxonomy":"post_tag","embeddable":true,"href":"https:\/\/www.pcnen.com\/portal\/wp-json\/wp\/v2\/tags?post=359008"}],"curies":[{"name":"wp","href":"https:\/\/api.w.org\/{rel}","templated":true}]}}