{"id":358984,"date":"2022-11-16T17:27:50","date_gmt":"2022-11-16T16:27:50","guid":{"rendered":"https:\/\/www.pcnen.com\/portal\/?p=358984"},"modified":"2022-11-16T17:27:50","modified_gmt":"2022-11-16T16:27:50","slug":"vk-misljenje-o-zakonu-o-predsjedniku-prije-sjednice-u-decembru","status":"publish","type":"post","link":"https:\/\/www.pcnen.com\/portal\/2022\/11\/16\/vk-misljenje-o-zakonu-o-predsjedniku-prije-sjednice-u-decembru\/","title":{"rendered":"VK: Mi\u0161ljenje o Zakonu o predsjedniku prije sjednice u decembru"},"content":{"rendered":"<p>&#8220;Sekretarijat Venecijanske komisije potvr\u0111uje da je od predsjednika Crne Gore primio zahtjev za hitno mi\u0161ljenje o izmjenama i dopunama Zakona o predsjedniku Crne Gore.<\/p>\n<p>Venecijanska komisija namjerava da ovo mi\u0161ljenje izda po hitnom postupku, prije sljede\u0107e plenarne sjednice zakazane za 15. i 16. decembar 2022. godine. Me\u0111utim, za sada ne mo\u017eemo dati precizniji datum&#8221;, saop\u0161tili su iz Sekretarijata Venecijanske komisije, prenosi RTCG.<\/p>\n<p>&nbsp;<\/p>\n<blockquote class=\"wp-embedded-content\" data-secret=\"1gmqtW5YmX\"><p><a href=\"https:\/\/www.pcnen.com\/portal\/2022\/11\/09\/dukanovic-trazio-misljenje-venecijanske-komisije-o-zakonu-o-predsjedniku\/\">\u0110ukanovi\u0107 tra\u017eio mi\u0161ljenje Venecijanske komisije o Zakonu o predsjedniku<\/a><\/p><\/blockquote>\n<p><iframe loading=\"lazy\" class=\"wp-embedded-content\" sandbox=\"allow-scripts\" security=\"restricted\" style=\"position: absolute; clip: rect(1px, 1px, 1px, 1px);\" title=\"&#8220;\u0110ukanovi\u0107 tra\u017eio mi\u0161ljenje Venecijanske komisije o Zakonu o predsjedniku&#8221; &#8212; PCNEN\" src=\"https:\/\/www.pcnen.com\/portal\/2022\/11\/09\/dukanovic-trazio-misljenje-venecijanske-komisije-o-zakonu-o-predsjedniku\/embed\/#?secret=8Q6gYflO9v#?secret=1gmqtW5YmX\" data-secret=\"1gmqtW5YmX\" width=\"600\" height=\"338\" frameborder=\"0\" marginwidth=\"0\" marginheight=\"0\" scrolling=\"no\"><\/iframe><\/p>\n","protected":false},"excerpt":{"rendered":"<p>Iz Venecijanske komisije je saop\u0161teno da su primili zahtjev predsjednika Crne Gore Mila \u0110ukanovi\u0107a da daju mi\u0161ljenje povodom izmjena i dopuna Zakona o predsjedniku.<\/p>\n","protected":false},"author":1,"featured_media":314388,"comment_status":"open","ping_status":"closed","sticky":false,"template":"","format":"standard","meta":{"_seopress_robots_primary_cat":"","_seopress_titles_title":"","_seopress_titles_desc":"","_seopress_robots_index":"","_et_pb_use_builder":"","_et_pb_old_content":"","_et_gb_content_width":"","inline_featured_image":false,"footnotes":""},"categories":[14],"tags":[],"class_list":["post-358984","post","type-post","status-publish","format-standard","has-post-thumbnail","hentry","category-vijesti"],"_links":{"self":[{"href":"https:\/\/www.pcnen.com\/portal\/wp-json\/wp\/v2\/posts\/358984","targetHints":{"allow":["GET"]}}],"collection":[{"href":"https:\/\/www.pcnen.com\/portal\/wp-json\/wp\/v2\/posts"}],"about":[{"href":"https:\/\/www.pcnen.com\/portal\/wp-json\/wp\/v2\/types\/post"}],"author":[{"embeddable":true,"href":"https:\/\/www.pcnen.com\/portal\/wp-json\/wp\/v2\/users\/1"}],"replies":[{"embeddable":true,"href":"https:\/\/www.pcnen.com\/portal\/wp-json\/wp\/v2\/comments?post=358984"}],"version-history":[{"count":1,"href":"https:\/\/www.pcnen.com\/portal\/wp-json\/wp\/v2\/posts\/358984\/revisions"}],"predecessor-version":[{"id":358985,"href":"https:\/\/www.pcnen.com\/portal\/wp-json\/wp\/v2\/posts\/358984\/revisions\/358985"}],"wp:featuredmedia":[{"embeddable":true,"href":"https:\/\/www.pcnen.com\/portal\/wp-json\/wp\/v2\/media\/314388"}],"wp:attachment":[{"href":"https:\/\/www.pcnen.com\/portal\/wp-json\/wp\/v2\/media?parent=358984"}],"wp:term":[{"taxonomy":"category","embeddable":true,"href":"https:\/\/www.pcnen.com\/portal\/wp-json\/wp\/v2\/categories?post=358984"},{"taxonomy":"post_tag","embeddable":true,"href":"https:\/\/www.pcnen.com\/portal\/wp-json\/wp\/v2\/tags?post=358984"}],"curies":[{"name":"wp","href":"https:\/\/api.w.org\/{rel}","templated":true}]}}