{"id":358982,"date":"2022-11-16T16:45:22","date_gmt":"2022-11-16T15:45:22","guid":{"rendered":"https:\/\/www.pcnen.com\/portal\/?p=358982"},"modified":"2022-11-16T16:45:22","modified_gmt":"2022-11-16T15:45:22","slug":"knezevic-objavio-imena-270-osoba-koje-je-anb-nezakonito-prisluskivala","status":"publish","type":"post","link":"https:\/\/www.pcnen.com\/portal\/2022\/11\/16\/knezevic-objavio-imena-270-osoba-koje-je-anb-nezakonito-prisluskivala\/","title":{"rendered":"Kne\u017eevi\u0107 objavio imena 270 osoba koje je ANB nezakonito prislu\u0161kivala"},"content":{"rendered":"<p>Kne\u017eevi\u0107 je rekao da se radi o podacima iz dokumenta Agencije za nacionalnu bezbjednost. U pitanju su osobe koje su boravile na seminaru u hotelima &#8220;Palas&#8221; i &#8220;Kastel lastva&#8221; u Petrovcu, od 3. do 5. jula 2020. Godine, prenosi RTCG.<\/p>\n<p>On je, nakon \u0161to je pro\u010ditao spisak, kazao da su u pitanju ljudi koje je samo tokom 2020. godine tada\u0161nji direktor ANB Dejan Peruni\u010di\u0107 prislu\u0161kivao bez odluke Vrhovnog suda. Na tom spisku je vi\u0161e od 270 \u010dlanova i aktivista DF-a i \u010dlanova njihovih porodica, pa goniti Peruni\u010di\u0107a, kako je kazao, za zloupotrebu slu\u017ebenog polo\u017eaja je neprihvatljivo.<\/p>\n<p>Kako je kazao, svim tim ljudima postavljani su nezakonito prislu\u0161kiva\u010di u ku\u0107e i poslovne prostorije, a pra\u0107enje toliko ljudi, politi\u010dkih oponenata, nije zabilje\u017eeno u svijetu.<\/p>\n<p>&#8220;Zbog ovog treba da odgovara ne samo on sa jo\u0161 dva slu\u017ebenika, ve\u0107 \u010ditava organizovana kriminalna grupa. Izvje\u0161taji o radu tu\u017eila\u0161tva ranije su bili smije\u0161ni i sve \u0161to \u0107emo danas \u010duti je sve \u0161to je bilo i ranije, kada su sva sredstva bila dozvoljena u borbi protiv DF-a i na\u0161ih porodica. ANB je asistirala u borbi protiv DF od 2015. i pozivam Borisa Mili\u0107a da objavi sve \u0161to je prikupljeno protiv funkcionera DF do danas&#8221;, nagla\u0161ava Kne\u017eevi\u0107.<\/p>\n","protected":false},"excerpt":{"rendered":"<p>Predsjednik skup\u0161tinskog Odbora za bezbjednost i odbranu i jedan od lidera DF-a Milan Kne\u017eevi\u0107 pro\u010ditao je danas u parlamentu spisak od preko 270 osoba koje je, kako tvrdi, ANB nezakonito prislu\u0161kivala.<\/p>\n","protected":false},"author":1,"featured_media":293877,"comment_status":"open","ping_status":"closed","sticky":false,"template":"","format":"standard","meta":{"_seopress_robots_primary_cat":"","_seopress_titles_title":"","_seopress_titles_desc":"","_seopress_robots_index":"","_et_pb_use_builder":"","_et_pb_old_content":"","_et_gb_content_width":"","inline_featured_image":false,"footnotes":""},"categories":[14],"tags":[],"class_list":["post-358982","post","type-post","status-publish","format-standard","has-post-thumbnail","hentry","category-vijesti"],"_links":{"self":[{"href":"https:\/\/www.pcnen.com\/portal\/wp-json\/wp\/v2\/posts\/358982","targetHints":{"allow":["GET"]}}],"collection":[{"href":"https:\/\/www.pcnen.com\/portal\/wp-json\/wp\/v2\/posts"}],"about":[{"href":"https:\/\/www.pcnen.com\/portal\/wp-json\/wp\/v2\/types\/post"}],"author":[{"embeddable":true,"href":"https:\/\/www.pcnen.com\/portal\/wp-json\/wp\/v2\/users\/1"}],"replies":[{"embeddable":true,"href":"https:\/\/www.pcnen.com\/portal\/wp-json\/wp\/v2\/comments?post=358982"}],"version-history":[{"count":1,"href":"https:\/\/www.pcnen.com\/portal\/wp-json\/wp\/v2\/posts\/358982\/revisions"}],"predecessor-version":[{"id":358983,"href":"https:\/\/www.pcnen.com\/portal\/wp-json\/wp\/v2\/posts\/358982\/revisions\/358983"}],"wp:featuredmedia":[{"embeddable":true,"href":"https:\/\/www.pcnen.com\/portal\/wp-json\/wp\/v2\/media\/293877"}],"wp:attachment":[{"href":"https:\/\/www.pcnen.com\/portal\/wp-json\/wp\/v2\/media?parent=358982"}],"wp:term":[{"taxonomy":"category","embeddable":true,"href":"https:\/\/www.pcnen.com\/portal\/wp-json\/wp\/v2\/categories?post=358982"},{"taxonomy":"post_tag","embeddable":true,"href":"https:\/\/www.pcnen.com\/portal\/wp-json\/wp\/v2\/tags?post=358982"}],"curies":[{"name":"wp","href":"https:\/\/api.w.org\/{rel}","templated":true}]}}