{"id":358980,"date":"2022-11-16T16:38:46","date_gmt":"2022-11-16T15:38:46","guid":{"rendered":"https:\/\/www.pcnen.com\/portal\/?p=358980"},"modified":"2022-11-16T16:38:46","modified_gmt":"2022-11-16T15:38:46","slug":"drugi-krug-glasanja-za-sudije-us-28-novembra","status":"publish","type":"post","link":"https:\/\/www.pcnen.com\/portal\/2022\/11\/16\/drugi-krug-glasanja-za-sudije-us-28-novembra\/","title":{"rendered":"Drugi krug glasanja za sudije US 28. novembra"},"content":{"rendered":"<p>\u0110urovi\u0107 je rekla da je, cijene\u0107i neophodnost pune posve\u0107enosti i potrebe prisustva svih poslanika i poslanica prilikom glasanja o bitnim ta\u010dkama, danas pozvala sve \u0161efove poslani\u010dkih klubova kako bi na Kolegijumu razrije\u0161ili nedoumice vezane za datum kada \u0107e se u plenumu o tim pitanjima izja\u0161njavati.<\/p>\n<p>Ona je podsjetila da je kao prvi mogu\u0107i termin za ponovno izja\u0161njavanje o kandidatima za sudije Ustavnog suda planirala 22. novembar, ali se, kako je navela, zbog obaveza dijela poslanika koalicije \u201eCrno na bijelo\u201c, od tog termina odustalo.<\/p>\n<p>\u201eU tom smislu, dogovoren je novi termin za drugi krug glasanja za sudije Ustavnog suda, i to 28. novembar, kao prvi mogu\u0107i datum kada se o ovoj va\u017enoj temi mo\u017ee glasati\u201c, navela je \u0110urovi\u0107 u izjavi dostavljenoj medijima.<\/p>\n<p>Ona je naglasila da, u skladu sa dogovorom sa dana\u0161njeg Kolegijuma, o\u010dekuje prisustvo svih poslanika kako bi kona\u010dno tom pitanju posvetili punu pa\u017enju i poku\u0161ali da ga rije\u0161e na dobrobit gra\u0111ana i dr\u017eave.<\/p>\n<p>\u201eTako\u0111e, ukazujem da sam ponovo sazvala sastanak na nivou predsjednika parlamentarnih partija za petak, 18. novembar, sa \u017eeljom i namjerom da \u0161to prije do\u0111emo do rje\u0161enja, izme\u0111u ostalog, i o ovom pitanju koje ve\u0107 dugo optere\u0107uje crnogorsku javnost\u201c, navela je \u0110urovi\u0107.<\/p>\n<p>Ona je kazala da vjeruje da \u0107e na tom sastanku do\u0107i do kompromisa kada je u pitanju izbor sudija Ustavnog suda, i da \u0107e na taj na\u010din otvoriti put i za rje\u0161avanje drugih pitanja koja blokiraju proces pristupanja Crne Gore Evropskoj uniji.<\/p>\n<p>\u201eTo su, kao \u0161to je poznato, kompletiranje Sudskog savjeta, izbor vrhovnog dr\u017eavnog tu\u017eioca, te sprovo\u0111enje izborne reforme\u201c, dodala je \u0110urovi\u0107.<\/p>\n<p>Ona je rekla da je, kao predsjednica Skup\u0161tine, potpuno opredijeljena i odlu\u010dna da radi na prevazila\u017eenju ozbiljne dru\u0161tveno-politi\u010dke krize u kojoj se Crna Gora nalazi ve\u0107 neko vrijeme.<\/p>\n<p>\u201eU tom smislu, smatram da su najavljeni sastanak lidera partija 18. novembra i sjednica 28. novembra korak naprijed u tom pravcu\u201c, zaklju\u010dila je \u0110urovi\u0107.<\/p>\n","protected":false},"excerpt":{"rendered":"<p>Drugi krug glasanja za sudije Ustavnog suda bi\u0107e odr\u017ean 28. novembra, kazala je predsjednica Skup\u0161tine Danijela \u0110urovi\u0107, navode\u0107i da je to prvi mogu\u0107i datum kada se o toj va\u017enoj temi mo\u017ee glasati.<\/p>\n","protected":false},"author":1,"featured_media":274454,"comment_status":"open","ping_status":"closed","sticky":false,"template":"","format":"standard","meta":{"_seopress_robots_primary_cat":"","_seopress_titles_title":"","_seopress_titles_desc":"","_seopress_robots_index":"","_et_pb_use_builder":"","_et_pb_old_content":"","_et_gb_content_width":"","inline_featured_image":false,"footnotes":""},"categories":[14],"tags":[],"class_list":["post-358980","post","type-post","status-publish","format-standard","has-post-thumbnail","hentry","category-vijesti"],"_links":{"self":[{"href":"https:\/\/www.pcnen.com\/portal\/wp-json\/wp\/v2\/posts\/358980","targetHints":{"allow":["GET"]}}],"collection":[{"href":"https:\/\/www.pcnen.com\/portal\/wp-json\/wp\/v2\/posts"}],"about":[{"href":"https:\/\/www.pcnen.com\/portal\/wp-json\/wp\/v2\/types\/post"}],"author":[{"embeddable":true,"href":"https:\/\/www.pcnen.com\/portal\/wp-json\/wp\/v2\/users\/1"}],"replies":[{"embeddable":true,"href":"https:\/\/www.pcnen.com\/portal\/wp-json\/wp\/v2\/comments?post=358980"}],"version-history":[{"count":1,"href":"https:\/\/www.pcnen.com\/portal\/wp-json\/wp\/v2\/posts\/358980\/revisions"}],"predecessor-version":[{"id":358981,"href":"https:\/\/www.pcnen.com\/portal\/wp-json\/wp\/v2\/posts\/358980\/revisions\/358981"}],"wp:featuredmedia":[{"embeddable":true,"href":"https:\/\/www.pcnen.com\/portal\/wp-json\/wp\/v2\/media\/274454"}],"wp:attachment":[{"href":"https:\/\/www.pcnen.com\/portal\/wp-json\/wp\/v2\/media?parent=358980"}],"wp:term":[{"taxonomy":"category","embeddable":true,"href":"https:\/\/www.pcnen.com\/portal\/wp-json\/wp\/v2\/categories?post=358980"},{"taxonomy":"post_tag","embeddable":true,"href":"https:\/\/www.pcnen.com\/portal\/wp-json\/wp\/v2\/tags?post=358980"}],"curies":[{"name":"wp","href":"https:\/\/api.w.org\/{rel}","templated":true}]}}