{"id":358947,"date":"2022-11-16T09:26:43","date_gmt":"2022-11-16T08:26:43","guid":{"rendered":"https:\/\/www.pcnen.com\/portal\/?p=358947"},"modified":"2022-11-16T09:26:43","modified_gmt":"2022-11-16T08:26:43","slug":"medvedev-zapad-se-priblizava-svjetskom-ratu","status":"publish","type":"post","link":"https:\/\/www.pcnen.com\/portal\/2022\/11\/16\/medvedev-zapad-se-priblizava-svjetskom-ratu\/","title":{"rendered":"Medvedev: Zapad se pribli\u017eava svjetskom ratu"},"content":{"rendered":"<p>&#8220;Incident s ukrajinskim navodnim \u2018raketnim udarom\u2019 na poljsku farmu dokazuje samo jedno: vode\u0107i hibridni rat protiv Rusije, Zapad se pribli\u017eava svjetskom ratu&#8221;, napisao je Medvedev na Twitteru.<\/p>\n<p>&nbsp;<\/p>\n<blockquote class=\"twitter-tweet\">\n<p dir=\"ltr\" lang=\"en\">The incident with the Ukrainian-alleged &#8220;missile strike&#8221; on a Polish farm proves just one thing: waging a hybrid war against Russia, the West moves closer to the world war.<\/p>\n<p>\u2014 Dmitry Medvedev (@MedvedevRussiaE) <a href=\"https:\/\/twitter.com\/MedvedevRussiaE\/status\/1592775491274313728?ref_src=twsrc%5Etfw\">November 16, 2022<\/a><\/p><\/blockquote>\n<p><script async src=\"https:\/\/platform.twitter.com\/widgets.js\" charset=\"utf-8\"><\/script><\/p>\n<blockquote class=\"wp-embedded-content\" data-secret=\"OWndJiHZHN\"><p><a href=\"https:\/\/www.pcnen.com\/portal\/2022\/11\/15\/rakete-zalutale-u-poljsku-poginule-dvije-osobe\/\">Rakete zalutale u Poljsku, poginule dvije osobe<\/a><\/p><\/blockquote>\n<p><iframe loading=\"lazy\" class=\"wp-embedded-content\" sandbox=\"allow-scripts\" security=\"restricted\" style=\"position: absolute; clip: rect(1px, 1px, 1px, 1px);\" title=\"&#8220;Rakete zalutale u Poljsku, poginule dvije osobe&#8221; &#8212; PCNEN\" src=\"https:\/\/www.pcnen.com\/portal\/2022\/11\/15\/rakete-zalutale-u-poljsku-poginule-dvije-osobe\/embed\/#?secret=tS3Qo7U8CC#?secret=OWndJiHZHN\" data-secret=\"OWndJiHZHN\" width=\"600\" height=\"338\" frameborder=\"0\" marginwidth=\"0\" marginheight=\"0\" scrolling=\"no\"><\/iframe><\/p>\n","protected":false},"excerpt":{"rendered":"<p>Biv\u0161i ruski predsjednik i Putinov dugogodi\u0161nji saveznik Dmitrij Medvedev rekao je da je eksplozija na poljskoj teritoriji pokazala da se Zapad pribli\u017eava jo\u0161 jednom svjetskom ratu.<\/p>\n","protected":false},"author":1,"featured_media":347210,"comment_status":"open","ping_status":"closed","sticky":false,"template":"","format":"standard","meta":{"_seopress_robots_primary_cat":"","_seopress_titles_title":"","_seopress_titles_desc":"","_seopress_robots_index":"","_et_pb_use_builder":"","_et_pb_old_content":"","_et_gb_content_width":"","inline_featured_image":false,"footnotes":""},"categories":[14],"tags":[],"class_list":["post-358947","post","type-post","status-publish","format-standard","has-post-thumbnail","hentry","category-vijesti"],"_links":{"self":[{"href":"https:\/\/www.pcnen.com\/portal\/wp-json\/wp\/v2\/posts\/358947","targetHints":{"allow":["GET"]}}],"collection":[{"href":"https:\/\/www.pcnen.com\/portal\/wp-json\/wp\/v2\/posts"}],"about":[{"href":"https:\/\/www.pcnen.com\/portal\/wp-json\/wp\/v2\/types\/post"}],"author":[{"embeddable":true,"href":"https:\/\/www.pcnen.com\/portal\/wp-json\/wp\/v2\/users\/1"}],"replies":[{"embeddable":true,"href":"https:\/\/www.pcnen.com\/portal\/wp-json\/wp\/v2\/comments?post=358947"}],"version-history":[{"count":1,"href":"https:\/\/www.pcnen.com\/portal\/wp-json\/wp\/v2\/posts\/358947\/revisions"}],"predecessor-version":[{"id":358948,"href":"https:\/\/www.pcnen.com\/portal\/wp-json\/wp\/v2\/posts\/358947\/revisions\/358948"}],"wp:featuredmedia":[{"embeddable":true,"href":"https:\/\/www.pcnen.com\/portal\/wp-json\/wp\/v2\/media\/347210"}],"wp:attachment":[{"href":"https:\/\/www.pcnen.com\/portal\/wp-json\/wp\/v2\/media?parent=358947"}],"wp:term":[{"taxonomy":"category","embeddable":true,"href":"https:\/\/www.pcnen.com\/portal\/wp-json\/wp\/v2\/categories?post=358947"},{"taxonomy":"post_tag","embeddable":true,"href":"https:\/\/www.pcnen.com\/portal\/wp-json\/wp\/v2\/tags?post=358947"}],"curies":[{"name":"wp","href":"https:\/\/api.w.org\/{rel}","templated":true}]}}