{"id":358921,"date":"2022-11-15T20:19:22","date_gmt":"2022-11-15T19:19:22","guid":{"rendered":"https:\/\/www.pcnen.com\/portal\/?p=358921"},"modified":"2022-11-15T20:19:22","modified_gmt":"2022-11-15T19:19:22","slug":"podgorica-obiljezen-dan-drzave-palestine","status":"publish","type":"post","link":"https:\/\/www.pcnen.com\/portal\/2022\/11\/15\/podgorica-obiljezen-dan-drzave-palestine\/","title":{"rendered":"Podgorica: Obilje\u017een dan dr\u017eave Palestine"},"content":{"rendered":"<p>Ambasador Rabi Alhantuli je u emotivnom govoru ukazao na aparhejd koji sprovodi Izrael nad Palestincima i pozvao me\u0111unarodnu zajednicu da najzad prekine sa dvojnim standardima kada je u pitanju odnos prema okupaciji i zlo\u010dinima koje vr\u0161i Izrael, njegova vlada, vojska, policija i doseljenici nad palestinskim narodom, te da jasno stane na strani po\u0161tovanja me\u0111unarodnog prava i rezulucija UN.<\/p>\n<p>Ambasador Alhantuli se zahvalio Crnoj Gori na njegovanju prijateljskih odnosa izme\u0111u Crne Gore i Palestine.<\/p>\n<p><img loading=\"lazy\" decoding=\"async\" class=\"aligncenter size-full wp-image-358923\" src=\"https:\/\/www.pcnen.com\/portal\/wp-content\/uploads\/2022\/11\/Dan-Palestine.jpeg\" alt=\"\" width=\"600\" height=\"435\" srcset=\"https:\/\/www.pcnen.com\/portal\/wp-content\/uploads\/2022\/11\/Dan-Palestine.jpeg 600w, https:\/\/www.pcnen.com\/portal\/wp-content\/uploads\/2022\/11\/Dan-Palestine-300x218.jpeg 300w, https:\/\/www.pcnen.com\/portal\/wp-content\/uploads\/2022\/11\/Dan-Palestine-580x421.jpeg 580w\" sizes=\"(max-width: 600px) 100vw, 600px\" \/><\/p>\n<blockquote><p><strong>O. \u0160arki\u0107<\/strong><\/p><\/blockquote>\n","protected":false},"excerpt":{"rendered":"<p>Palestinska ambasada u Podgorici je organizovala prijem povodom Nacionalnog dana dr\u017eave Palestine, kome su prisustvovali premijer Dritan Abazovi\u0107, dio ministara, vjerskih poglavara, \u010dlanova diplomatskog kora, te istaknutih javnih li\u010dnosti i prijatelja okupirane Palestine.<\/p>\n","protected":false},"author":1,"featured_media":358922,"comment_status":"open","ping_status":"closed","sticky":false,"template":"","format":"standard","meta":{"_seopress_robots_primary_cat":"","_seopress_titles_title":"","_seopress_titles_desc":"","_seopress_robots_index":"","_et_pb_use_builder":"","_et_pb_old_content":"","_et_gb_content_width":"","inline_featured_image":false,"footnotes":""},"categories":[14],"tags":[],"class_list":["post-358921","post","type-post","status-publish","format-standard","has-post-thumbnail","hentry","category-vijesti"],"_links":{"self":[{"href":"https:\/\/www.pcnen.com\/portal\/wp-json\/wp\/v2\/posts\/358921","targetHints":{"allow":["GET"]}}],"collection":[{"href":"https:\/\/www.pcnen.com\/portal\/wp-json\/wp\/v2\/posts"}],"about":[{"href":"https:\/\/www.pcnen.com\/portal\/wp-json\/wp\/v2\/types\/post"}],"author":[{"embeddable":true,"href":"https:\/\/www.pcnen.com\/portal\/wp-json\/wp\/v2\/users\/1"}],"replies":[{"embeddable":true,"href":"https:\/\/www.pcnen.com\/portal\/wp-json\/wp\/v2\/comments?post=358921"}],"version-history":[{"count":1,"href":"https:\/\/www.pcnen.com\/portal\/wp-json\/wp\/v2\/posts\/358921\/revisions"}],"predecessor-version":[{"id":358924,"href":"https:\/\/www.pcnen.com\/portal\/wp-json\/wp\/v2\/posts\/358921\/revisions\/358924"}],"wp:featuredmedia":[{"embeddable":true,"href":"https:\/\/www.pcnen.com\/portal\/wp-json\/wp\/v2\/media\/358922"}],"wp:attachment":[{"href":"https:\/\/www.pcnen.com\/portal\/wp-json\/wp\/v2\/media?parent=358921"}],"wp:term":[{"taxonomy":"category","embeddable":true,"href":"https:\/\/www.pcnen.com\/portal\/wp-json\/wp\/v2\/categories?post=358921"},{"taxonomy":"post_tag","embeddable":true,"href":"https:\/\/www.pcnen.com\/portal\/wp-json\/wp\/v2\/tags?post=358921"}],"curies":[{"name":"wp","href":"https:\/\/api.w.org\/{rel}","templated":true}]}}