{"id":358912,"date":"2022-11-15T18:17:36","date_gmt":"2022-11-15T17:17:36","guid":{"rendered":"https:\/\/www.pcnen.com\/portal\/?p=358912"},"modified":"2022-11-15T18:17:36","modified_gmt":"2022-11-15T17:17:36","slug":"u-petak-sastanak-lidera-parlamentarnih-partija","status":"publish","type":"post","link":"https:\/\/www.pcnen.com\/portal\/2022\/11\/15\/u-petak-sastanak-lidera-parlamentarnih-partija\/","title":{"rendered":"U petak sastanak lidera parlamentarnih partija"},"content":{"rendered":"<p>\u201eImaju\u0107i u vidu da prethodni sastanak, koji je odr\u017ean 9. novembra, prema pojedinim mi\u0161ljenjima, zbog nedolaska odre\u0111enog broja lidera partija, nije dao o\u010dekivane rezultate, ovog puta o\u010dekujem da \u0107e se pozivu odazvati predsjednici svih politi\u010dkih subjekata\u201c, naglasila je.<\/p>\n<p>\u201eJasno je da su nefunkcionalan Ustavni sud, status Vlade Crne Gore kojoj je 19. avgusta ove godine izglasano nepovjerenje u parlamentu, te otvorena debata oko ustavnosti pojedinih zakonskih rje\u0161enja i postupaka, pitanja koja se moraju \u0161to prije rje\u0161avati kako bi dr\u017eava nastavila dalji napredak i na unutra\u0161njem i na me\u0111unarodnom planu\u201c, dodala je \u0110urovi\u0107.<\/p>\n<p>Kazala je i da im je situacija koja se desila na posljednjem sastanku dodatno stavila do znanja koliko je va\u017eno da se okupe na najvi\u0161em nivou i da poku\u0161aju da na\u0111u izlaz iz trenutne zabrinjavaju\u0107e dru\u0161tveno-politi\u010dke situacije, odnosno da postignu kompromis oko pitanja od kojih zavisi stabilnost i budu\u0107nost dr\u017eave, kao i nastavak na\u0161eg puta ka Evropskoj uniji.<\/p>\n<p>\u201eKao ozbiljni politi\u010dari i najvi\u0161i dr\u017eavni funkcioneri u obavezi smo da ovom poslu pristupimo sa maksimalnom odgovorno\u0161\u0107u i da se potrudimo da doprinesemo normalizaciji i stabilizaciji sveukupnih prilika u zemlji. U tom smislu, Skup\u0161tina Crne Gore, kao forum u kome se odvijaju najva\u017eniji politi\u010dki pregovori i posti\u017eu klju\u010dni dogovori od kojih zavisi \u017eivot gra\u0111ana, treba i dalje da bude institucija u kojoj \u0107emo tra\u017eiti na\u010din da iza\u0111emo iz ozbiljne situacije u kojoj se kao dru\u0161tvo nalazimo\u201c, istakla je \u0110urovi\u0107.<\/p>\n<p>Kao predsjednica Skup\u0161tine, dodala je, nastavi\u0107e da daje maksimalan doprinos u pravcu postizanja dogovora oko pitanja koja na\u0161u zemlju ve\u0107 dugo vremena blokiraju na evropskom putu i uslo\u017enjavaju kvalitet \u017eivota na\u0161ih gra\u0111anki i gra\u0111ana.<\/p>\n<p>\u201eU tom cilju, predla\u017eem novi sastanak predsjednika partija koje participiraju u Skup\u0161tini Crne Gore za petak, 18. novembar, u osam \u010dasova, u Bijelom salonu Skup\u0161tine Crne Gore\u201c, zaklju\u010dila je \u0110urovi\u0107.<\/p>\n<blockquote class=\"wp-embedded-content\" data-secret=\"FNqWRi9uV8\"><p><a href=\"https:\/\/www.pcnen.com\/portal\/2022\/11\/09\/durovic-najavila-novi-sastanak-lidera-parlamentarnih-partija\/\">\u0110urovi\u0107 najavila novi sastanak lidera parlamentarnih partija<\/a><\/p><\/blockquote>\n<p><iframe loading=\"lazy\" class=\"wp-embedded-content\" sandbox=\"allow-scripts\" security=\"restricted\" style=\"position: absolute; clip: rect(1px, 1px, 1px, 1px);\" title=\"&#8220;\u0110urovi\u0107 najavila novi sastanak lidera parlamentarnih partija&#8221; &#8212; PCNEN\" src=\"https:\/\/www.pcnen.com\/portal\/2022\/11\/09\/durovic-najavila-novi-sastanak-lidera-parlamentarnih-partija\/embed\/#?secret=eM6nddJgzn#?secret=FNqWRi9uV8\" data-secret=\"FNqWRi9uV8\" width=\"600\" height=\"338\" frameborder=\"0\" marginwidth=\"0\" marginheight=\"0\" scrolling=\"no\"><\/iframe><\/p>\n","protected":false},"excerpt":{"rendered":"<p>Predsjednica Skup\u0161tine Danijela \u0110urovi\u0107 pozvala je predsjednike parlamentarnih partija na sastanak za petak, 18. novembar.<\/p>\n","protected":false},"author":1,"featured_media":356346,"comment_status":"open","ping_status":"closed","sticky":false,"template":"","format":"standard","meta":{"_seopress_robots_primary_cat":"","_seopress_titles_title":"","_seopress_titles_desc":"","_seopress_robots_index":"","_et_pb_use_builder":"","_et_pb_old_content":"","_et_gb_content_width":"","inline_featured_image":false,"footnotes":""},"categories":[14],"tags":[],"class_list":["post-358912","post","type-post","status-publish","format-standard","has-post-thumbnail","hentry","category-vijesti"],"_links":{"self":[{"href":"https:\/\/www.pcnen.com\/portal\/wp-json\/wp\/v2\/posts\/358912","targetHints":{"allow":["GET"]}}],"collection":[{"href":"https:\/\/www.pcnen.com\/portal\/wp-json\/wp\/v2\/posts"}],"about":[{"href":"https:\/\/www.pcnen.com\/portal\/wp-json\/wp\/v2\/types\/post"}],"author":[{"embeddable":true,"href":"https:\/\/www.pcnen.com\/portal\/wp-json\/wp\/v2\/users\/1"}],"replies":[{"embeddable":true,"href":"https:\/\/www.pcnen.com\/portal\/wp-json\/wp\/v2\/comments?post=358912"}],"version-history":[{"count":1,"href":"https:\/\/www.pcnen.com\/portal\/wp-json\/wp\/v2\/posts\/358912\/revisions"}],"predecessor-version":[{"id":358914,"href":"https:\/\/www.pcnen.com\/portal\/wp-json\/wp\/v2\/posts\/358912\/revisions\/358914"}],"wp:featuredmedia":[{"embeddable":true,"href":"https:\/\/www.pcnen.com\/portal\/wp-json\/wp\/v2\/media\/356346"}],"wp:attachment":[{"href":"https:\/\/www.pcnen.com\/portal\/wp-json\/wp\/v2\/media?parent=358912"}],"wp:term":[{"taxonomy":"category","embeddable":true,"href":"https:\/\/www.pcnen.com\/portal\/wp-json\/wp\/v2\/categories?post=358912"},{"taxonomy":"post_tag","embeddable":true,"href":"https:\/\/www.pcnen.com\/portal\/wp-json\/wp\/v2\/tags?post=358912"}],"curies":[{"name":"wp","href":"https:\/\/api.w.org\/{rel}","templated":true}]}}