{"id":358866,"date":"2022-11-14T20:25:53","date_gmt":"2022-11-14T19:25:53","guid":{"rendered":"https:\/\/www.pcnen.com\/portal\/?p=358866"},"modified":"2022-11-14T20:25:53","modified_gmt":"2022-11-14T19:25:53","slug":"budzet-crne-gore-skoro-tri-milijarde-eura","status":"publish","type":"post","link":"https:\/\/www.pcnen.com\/portal\/2022\/11\/14\/budzet-crne-gore-skoro-tri-milijarde-eura\/","title":{"rendered":"Bud\u017eet Crne Gore skoro tri milijarde eura"},"content":{"rendered":"<p>Za potrebe prava iz oblasti socijalne za\u0161tite planirana su dodatna sredstva u iznosu od 45 miliona eura (dominantno za dje\u010dije dodatke &#8211; 23,01 miliona eura, ostala prava iz oblasti socijalne za\u0161tite u iznosu od 13,61 miliona eura, kao i sedam miliona eura namijenjenih za naknade za novoro\u0111enu djecu).<\/p>\n<p>Za pove\u0107anje penzija planirano je dodatnih 35 miliona eura, shodno redovnom uskla\u0111ivanju i o\u010dekivanom kretanju broja penzionera. Plan je da do kraja naredne godine minimalna penzija dostigne nivo od 60 % minimalne zarade.<\/p>\n<p>Usljed potrebe smanjivanja inflatornih pritisaka na \u017eivotni standard zaposlenih u javnom sektoru, planirano je pove\u0107anje zarada u ukupnom iznosu od 67 miliona eura.<\/p>\n<p>Kapitalni bud\u017eet iznosi 202,6 miliona eura.<\/p>\n<p>\u201cUzimaju\u0107i u obzir projektovane prihode u 2023. godini, kao i planirane izdatke, o\u010dekuje se ostvarenje deficita bud\u017eetske potro\u0161nje u iznosu od 5,9 % BDP-a, odnosno 366 miliona eura. Budu\u0107i da planirana otplata duga u 2023. godini iznosi 338 miliona eura, o\u010dekuje se da \u0107e nedostaju\u0107a sredstva za narednu godinu iznositi 705 miliona eura\u201d, navodi se u saop\u0161tenju izdatog nakon sjednice Vlade.<\/p>\n<p>Vlada je danas utvrdila i Predlog odluke o zadu\u017eivanju Crne Gore, kojom je predvi\u0111eno da se dr\u017eava u 2023. godini mo\u017ee zadu\u017eiti do 600 miliona eura \u201cza potrebe obezbje\u0111enja nedostaju\u0107ih sredstava i stvaranja fiskalne rezerve, \u0161to \u0107e zavisiti od fiskalne rezerve koja \u0107e biti obezbije\u0111ena u teku\u0107oj godini\u201d.<\/p>\n","protected":false},"excerpt":{"rendered":"<p>Vlada je danas utvrdila Predlog zakona o bud\u017eetu Crne Gore za 2023. Godinu kojim je bud\u017eet projektovan na 2,852 milijardi eura. Rashodi bud\u017eeta planirani su u iznosu od 2.852.648.045,27 eura i u odnosu na prethodnu godinu ve\u0107i su 165.620.520,37 eura ili 6,2 %, zvani\u010dno je saop\u0161teno.<\/p>\n","protected":false},"author":1,"featured_media":321952,"comment_status":"open","ping_status":"closed","sticky":false,"template":"","format":"standard","meta":{"_seopress_robots_primary_cat":"","_seopress_titles_title":"","_seopress_titles_desc":"","_seopress_robots_index":"","_et_pb_use_builder":"","_et_pb_old_content":"","_et_gb_content_width":"","inline_featured_image":false,"footnotes":""},"categories":[14],"tags":[2510],"class_list":["post-358866","post","type-post","status-publish","format-standard","has-post-thumbnail","hentry","category-vijesti","tag-budzet"],"_links":{"self":[{"href":"https:\/\/www.pcnen.com\/portal\/wp-json\/wp\/v2\/posts\/358866","targetHints":{"allow":["GET"]}}],"collection":[{"href":"https:\/\/www.pcnen.com\/portal\/wp-json\/wp\/v2\/posts"}],"about":[{"href":"https:\/\/www.pcnen.com\/portal\/wp-json\/wp\/v2\/types\/post"}],"author":[{"embeddable":true,"href":"https:\/\/www.pcnen.com\/portal\/wp-json\/wp\/v2\/users\/1"}],"replies":[{"embeddable":true,"href":"https:\/\/www.pcnen.com\/portal\/wp-json\/wp\/v2\/comments?post=358866"}],"version-history":[{"count":1,"href":"https:\/\/www.pcnen.com\/portal\/wp-json\/wp\/v2\/posts\/358866\/revisions"}],"predecessor-version":[{"id":358867,"href":"https:\/\/www.pcnen.com\/portal\/wp-json\/wp\/v2\/posts\/358866\/revisions\/358867"}],"wp:featuredmedia":[{"embeddable":true,"href":"https:\/\/www.pcnen.com\/portal\/wp-json\/wp\/v2\/media\/321952"}],"wp:attachment":[{"href":"https:\/\/www.pcnen.com\/portal\/wp-json\/wp\/v2\/media?parent=358866"}],"wp:term":[{"taxonomy":"category","embeddable":true,"href":"https:\/\/www.pcnen.com\/portal\/wp-json\/wp\/v2\/categories?post=358866"},{"taxonomy":"post_tag","embeddable":true,"href":"https:\/\/www.pcnen.com\/portal\/wp-json\/wp\/v2\/tags?post=358866"}],"curies":[{"name":"wp","href":"https:\/\/api.w.org\/{rel}","templated":true}]}}