{"id":358841,"date":"2022-11-14T12:41:57","date_gmt":"2022-11-14T11:41:57","guid":{"rendered":"https:\/\/www.pcnen.com\/portal\/?p=358841"},"modified":"2022-11-14T12:42:52","modified_gmt":"2022-11-14T11:42:52","slug":"njemacka-navijaci-pozivaju-na-bojkot-sp-u-kataru","status":"publish","type":"post","link":"https:\/\/www.pcnen.com\/portal\/2022\/11\/14\/njemacka-navijaci-pozivaju-na-bojkot-sp-u-kataru\/","title":{"rendered":"Njema\u010dka: Navija\u010di pozivaju na bojkot SP u Kataru"},"content":{"rendered":"<p>Navija\u010di Frajburga su ju\u010de prije utakmice protiv Uniona u Bundesligi razvili veliku zastavu sa porukom: &#8220;Bojkotujte Katar&#8221;.<\/p>\n<p>Na drugim velikim transparentima istaknuti su problemi o kojima se pri\u010dalo tokom pripreme turnira u Kataru, a gotovo svaki navija\u010d nosio je poruku pozivaju\u0107i na bojkot turnira, koji po\u010dinje 20. Novembra, prenosi Beta.<\/p>\n<p>Navija\u010di Majnca su tokom remija sa Ajntrahtom tako\u0111e bozvali na bojkot Svjetskog prvenstva.<\/p>\n<p>To su bili posljednji protesti poslije vi\u0161enedeljnih protesta na stadionima protiv turnira koji je 2010. godine Fifa dodijelila Kataru.<\/p>\n<p>&#8220;To je bilo pogre\u0161no i moram re\u0107i da je i dalje pogre\u0161no. Navija\u010di se ne identifikuju sa tim takmi\u010denjem i ne \u017eele ni\u0161ta da imaju s njim i aktivno ga kritikuju&#8221;, rekao je Bernd Bejer iz inicijative &#8220;Bojkot Katara 2022&#8221;.<\/p>\n<p>On je dodao i da su navija\u010di djelimi\u010dno podstaknuti de\u0161avanjima u me\u0111unarodnom fudbalu, gdje novac igra sve va\u017eniju ulogu.<\/p>\n<p>&#8220;Profesionalni fudbal postaje sve komercijalniji. Sa time se ne identifikujete. Naravno, sada je ista stvar sa Katarom. Donijeta je pogre\u0161na odluka po\u0161to je Katar zemlja u kojoj se ne po\u0161tuju ljudska prava, gdje su radnici migranti eksploatisani i gdje je homoseksualnost zabranjena&#8221;, naveo je Bejer.<\/p>\n<p>Navija\u010di Herte su u subotu razvili transparent sa pozivom na bojkot Katara, uz poruku: &#8220;Nijedan na\u0161 navija\u010d ne\u0107e gledati Svjetsko prvenstvo u Kataru&#8221;.<\/p>\n<p>Nedjelju dana ranije na utakmici protiv Bajerna, navija\u010di Herte su kritikovali uticaj turnira na klimatske promjene, a zajedno sa rivalskim navija\u010dima razvili su transparent na kome su naveli da bi organizatori trebalo da se stide zbog broja umrlih migrantskih radnika zaposlenih na izgradnji objekata.<\/p>\n<p>Pristalice Verdera navele su da je broj smrti radnika na izgradnji ve\u0107i od broja minuta na utakmicama turnira 32 ekipe, koji su opisali kao &#8220;najve\u0107i fudbalski zlo\u010din do sada&#8221;.<\/p>\n<p>Navija\u010di Borusije iz Menhengladbaja razvili su transparent sa porukom: &#8220;Fifa mafija&#8221;.<\/p>\n<p>Za vikend protestovali su i navija\u010di u drugoj ligi, na utakmici izme\u0111u Hamburga i Hajdenhajma, kao i Fortune i Kajzerslauterna i drugim.<\/p>\n","protected":false},"excerpt":{"rendered":"<p>Takmi\u010denje u njema\u010dkim fudbalskim profesionalnim ligama obilje\u017eili su protesti protiv Svjetskog prvenstva u Kataru, a navija\u010di su se udru\u017eili u kritikovanju Me\u0111unarodne fudbalske federacije (Fifa) i osudi kr\u0161enja ljudskih prava u zemlji doma\u0107ina Mundijala.<\/p>\n","protected":false},"author":1,"featured_media":0,"comment_status":"open","ping_status":"closed","sticky":false,"template":"","format":"standard","meta":{"_seopress_robots_primary_cat":"","_seopress_titles_title":"","_seopress_titles_desc":"","_seopress_robots_index":"","_et_pb_use_builder":"","_et_pb_old_content":"","_et_gb_content_width":"","inline_featured_image":false,"footnotes":""},"categories":[14],"tags":[],"class_list":["post-358841","post","type-post","status-publish","format-standard","hentry","category-vijesti"],"_links":{"self":[{"href":"https:\/\/www.pcnen.com\/portal\/wp-json\/wp\/v2\/posts\/358841","targetHints":{"allow":["GET"]}}],"collection":[{"href":"https:\/\/www.pcnen.com\/portal\/wp-json\/wp\/v2\/posts"}],"about":[{"href":"https:\/\/www.pcnen.com\/portal\/wp-json\/wp\/v2\/types\/post"}],"author":[{"embeddable":true,"href":"https:\/\/www.pcnen.com\/portal\/wp-json\/wp\/v2\/users\/1"}],"replies":[{"embeddable":true,"href":"https:\/\/www.pcnen.com\/portal\/wp-json\/wp\/v2\/comments?post=358841"}],"version-history":[{"count":2,"href":"https:\/\/www.pcnen.com\/portal\/wp-json\/wp\/v2\/posts\/358841\/revisions"}],"predecessor-version":[{"id":358844,"href":"https:\/\/www.pcnen.com\/portal\/wp-json\/wp\/v2\/posts\/358841\/revisions\/358844"}],"wp:attachment":[{"href":"https:\/\/www.pcnen.com\/portal\/wp-json\/wp\/v2\/media?parent=358841"}],"wp:term":[{"taxonomy":"category","embeddable":true,"href":"https:\/\/www.pcnen.com\/portal\/wp-json\/wp\/v2\/categories?post=358841"},{"taxonomy":"post_tag","embeddable":true,"href":"https:\/\/www.pcnen.com\/portal\/wp-json\/wp\/v2\/tags?post=358841"}],"curies":[{"name":"wp","href":"https:\/\/api.w.org\/{rel}","templated":true}]}}