{"id":358837,"date":"2022-11-14T10:41:12","date_gmt":"2022-11-14T09:41:12","guid":{"rendered":"https:\/\/www.pcnen.com\/portal\/?p=358837"},"modified":"2022-11-14T10:41:12","modified_gmt":"2022-11-14T09:41:12","slug":"marija-zaharova-demantuje-da-je-lavrov-u-bolnici","status":"publish","type":"post","link":"https:\/\/www.pcnen.com\/portal\/2022\/11\/14\/marija-zaharova-demantuje-da-je-lavrov-u-bolnici\/","title":{"rendered":"Marija Zaharova demantuje da je Lavrov u bolnici"},"content":{"rendered":"<p>\u201eSergej Viktorovi\u010d i ja \u010ditamo vijesti u Indoneziji i ne mo\u017eemo da vjerujemo svojim o\u010dima: ispostavilo se da je hospitalizovan. Ovo je, naravno, akrobatika la\u017eiranja\u201c, napisala je Zaharova na Telegram kanalu.<\/p>\n<p>Mediji su ranije objavili da je ministar spoljnih poslova hitno hospitalizovan na Baliju.<\/p>\n<p>Kako su naveli, on je u bolnici zavr\u0161io ubrzo nakon \u0161to je sleteo na Bali gde je trebalo da prisustvuje samitu G20.<\/p>\n<p>Jedan od diplomatskih izvora tvrdi da je Lavrovu pru\u017eena ljekarska pomo\u0107 zbog problema sa srcem.<\/p>\n<p>&nbsp;<\/p>\n<blockquote class=\"wp-embedded-content\" data-secret=\"Zuv5FLx1wC\"><p><a href=\"https:\/\/www.pcnen.com\/portal\/2022\/11\/14\/mediji-lavrov-prebacen-u-bolnicu-nakon-dolaska-na-samit-g20-na-baliju\/\">Mediji: Lavrov preba\u010den u bolnicu nakon dolaska na samit G20 na Baliju<\/a><\/p><\/blockquote>\n<p><iframe loading=\"lazy\" class=\"wp-embedded-content\" sandbox=\"allow-scripts\" security=\"restricted\" style=\"position: absolute; clip: rect(1px, 1px, 1px, 1px);\" title=\"&#8220;Mediji: Lavrov preba\u010den u bolnicu nakon dolaska na samit G20 na Baliju&#8221; &#8212; PCNEN\" src=\"https:\/\/www.pcnen.com\/portal\/2022\/11\/14\/mediji-lavrov-prebacen-u-bolnicu-nakon-dolaska-na-samit-g20-na-baliju\/embed\/#?secret=nBdlUEwfpP#?secret=Zuv5FLx1wC\" data-secret=\"Zuv5FLx1wC\" width=\"600\" height=\"338\" frameborder=\"0\" marginwidth=\"0\" marginheight=\"0\" scrolling=\"no\"><\/iframe><\/p>\n","protected":false},"excerpt":{"rendered":"<p>Portparolka ministarstva spoljnih poslova Rusije Marija Zaharova demantovala je navode o hospitalizaciji Sergeja Lavrova.<\/p>\n","protected":false},"author":1,"featured_media":0,"comment_status":"open","ping_status":"closed","sticky":false,"template":"","format":"standard","meta":{"_seopress_robots_primary_cat":"","_seopress_titles_title":"","_seopress_titles_desc":"","_seopress_robots_index":"","_et_pb_use_builder":"","_et_pb_old_content":"","_et_gb_content_width":"","inline_featured_image":false,"footnotes":""},"categories":[14],"tags":[],"class_list":["post-358837","post","type-post","status-publish","format-standard","hentry","category-vijesti"],"_links":{"self":[{"href":"https:\/\/www.pcnen.com\/portal\/wp-json\/wp\/v2\/posts\/358837","targetHints":{"allow":["GET"]}}],"collection":[{"href":"https:\/\/www.pcnen.com\/portal\/wp-json\/wp\/v2\/posts"}],"about":[{"href":"https:\/\/www.pcnen.com\/portal\/wp-json\/wp\/v2\/types\/post"}],"author":[{"embeddable":true,"href":"https:\/\/www.pcnen.com\/portal\/wp-json\/wp\/v2\/users\/1"}],"replies":[{"embeddable":true,"href":"https:\/\/www.pcnen.com\/portal\/wp-json\/wp\/v2\/comments?post=358837"}],"version-history":[{"count":1,"href":"https:\/\/www.pcnen.com\/portal\/wp-json\/wp\/v2\/posts\/358837\/revisions"}],"predecessor-version":[{"id":358838,"href":"https:\/\/www.pcnen.com\/portal\/wp-json\/wp\/v2\/posts\/358837\/revisions\/358838"}],"wp:attachment":[{"href":"https:\/\/www.pcnen.com\/portal\/wp-json\/wp\/v2\/media?parent=358837"}],"wp:term":[{"taxonomy":"category","embeddable":true,"href":"https:\/\/www.pcnen.com\/portal\/wp-json\/wp\/v2\/categories?post=358837"},{"taxonomy":"post_tag","embeddable":true,"href":"https:\/\/www.pcnen.com\/portal\/wp-json\/wp\/v2\/tags?post=358837"}],"curies":[{"name":"wp","href":"https:\/\/api.w.org\/{rel}","templated":true}]}}