{"id":358802,"date":"2022-11-13T17:38:31","date_gmt":"2022-11-13T16:38:31","guid":{"rendered":"https:\/\/www.pcnen.com\/portal\/?p=358802"},"modified":"2022-11-13T17:38:31","modified_gmt":"2022-11-13T16:38:31","slug":"istanbul-sest-osoba-poginulo-u-eksploziji-53-povrijedene","status":"publish","type":"post","link":"https:\/\/www.pcnen.com\/portal\/2022\/11\/13\/istanbul-sest-osoba-poginulo-u-eksploziji-53-povrijedene\/","title":{"rendered":"Istanbul: \u0160est osoba poginulo u eksploziji, 53 povrije\u0111ene"},"content":{"rendered":"<p>Turski predsjednik Red\u017eep Taip Erdogan potvrdio je da je poginulo \u0161est osoba, dok su 53 ranjene.<\/p>\n<p>Erdogan je eksploziju nazvao &#8220;izdajni\u010dkim napadom&#8221; i poru\u010dio da \u0107e odgovorni biti ka\u017enjeni.<\/p>\n<p>&#8220;Bilo bi pogre\u0161no re\u0107i da je ovo nedvojbeno teroristi\u010dki napad, ali po\u010detni razvoj doga\u0111aja i po\u010detna obavje\u0161tajna saznanja su da &#8216;smrdi&#8217; na terorizam&#8221;, rekao je Erdogan, dodaju\u0107i da prve informacije suger\u0161u da je u ekploziji &#8220;ulogu odigrala \u017eena&#8221;.<\/p>\n<p>Eksplozija se dogodila ne\u0161to iza 16 sati po lokalnom vremenu, u trenutku kada je mnogo ljudi bilo u ulici Istiklal, pi\u0161e Reuters. Uzrok za sada nije poznat, a policija je pokrenula istragu.<\/p>\n<p>Policija je blokirala ulaze i izlaze iz avenije Istiklal, a stanovni\u0161tvo se evakui\u0161e iz obli\u017enjih ulica, navode svjedoci.<\/p>\n<p>&#8220;Odjednom se za\u010dula buka eksplozije. Ljudi su tr\u010dali u panici. Buka je bila ogromna. Bilo je crnog dima&#8221;, rekao je 57-godi\u0161nji Cemal Denizci za AFP.<\/p>\n","protected":false},"excerpt":{"rendered":"<p>\u0160est osoba je poginulo, a desetine su povrije\u0111ene u eksploziji koja se danas dogodila u pje\u0161a\u010dkoj zoni u centru Istanbula.<\/p>\n","protected":false},"author":1,"featured_media":358804,"comment_status":"open","ping_status":"closed","sticky":false,"template":"","format":"standard","meta":{"_seopress_robots_primary_cat":"","_seopress_titles_title":"","_seopress_titles_desc":"","_seopress_robots_index":"","_et_pb_use_builder":"","_et_pb_old_content":"","_et_gb_content_width":"","inline_featured_image":false,"footnotes":""},"categories":[14],"tags":[],"class_list":["post-358802","post","type-post","status-publish","format-standard","has-post-thumbnail","hentry","category-vijesti"],"_links":{"self":[{"href":"https:\/\/www.pcnen.com\/portal\/wp-json\/wp\/v2\/posts\/358802","targetHints":{"allow":["GET"]}}],"collection":[{"href":"https:\/\/www.pcnen.com\/portal\/wp-json\/wp\/v2\/posts"}],"about":[{"href":"https:\/\/www.pcnen.com\/portal\/wp-json\/wp\/v2\/types\/post"}],"author":[{"embeddable":true,"href":"https:\/\/www.pcnen.com\/portal\/wp-json\/wp\/v2\/users\/1"}],"replies":[{"embeddable":true,"href":"https:\/\/www.pcnen.com\/portal\/wp-json\/wp\/v2\/comments?post=358802"}],"version-history":[{"count":1,"href":"https:\/\/www.pcnen.com\/portal\/wp-json\/wp\/v2\/posts\/358802\/revisions"}],"predecessor-version":[{"id":358805,"href":"https:\/\/www.pcnen.com\/portal\/wp-json\/wp\/v2\/posts\/358802\/revisions\/358805"}],"wp:featuredmedia":[{"embeddable":true,"href":"https:\/\/www.pcnen.com\/portal\/wp-json\/wp\/v2\/media\/358804"}],"wp:attachment":[{"href":"https:\/\/www.pcnen.com\/portal\/wp-json\/wp\/v2\/media?parent=358802"}],"wp:term":[{"taxonomy":"category","embeddable":true,"href":"https:\/\/www.pcnen.com\/portal\/wp-json\/wp\/v2\/categories?post=358802"},{"taxonomy":"post_tag","embeddable":true,"href":"https:\/\/www.pcnen.com\/portal\/wp-json\/wp\/v2\/tags?post=358802"}],"curies":[{"name":"wp","href":"https:\/\/api.w.org\/{rel}","templated":true}]}}