{"id":358795,"date":"2022-11-13T13:30:17","date_gmt":"2022-11-13T12:30:17","guid":{"rendered":"https:\/\/www.pcnen.com\/portal\/?p=358795"},"modified":"2022-11-13T13:30:17","modified_gmt":"2022-11-13T12:30:17","slug":"u-sloveniji-drugi-krug-predsjednickih-izbora","status":"publish","type":"post","link":"https:\/\/www.pcnen.com\/portal\/2022\/11\/13\/u-sloveniji-drugi-krug-predsjednickih-izbora\/","title":{"rendered":"U Sloveniji drugi krug predsjedni\u010dkih izbora"},"content":{"rendered":"<p>Gra\u0111ani Slovenije treba da izaberu petog predsjednika, a ako pobijedi Pirc Musar, bi\u0107e prva \u017eena na toj funkciji.<\/p>\n<p>Nekada\u0161nji slovena\u010dki ministar spoljnih poslova, An\u017ee Logar (46), kandidat opozicione SDS-a \u0408aneza \u0408an\u0161e, odmjeri\u0107e snage u drugom krugu sa Nata\u0161om Pirc Musar (54), biv\u0161om novinarkom i advokatom specijalizovanom za za\u0161titu li\u010dnih podataka koja je branila i Melaniju Tramp.<\/p>\n<p>Logar je u prvom krugu osvojio 33,96 odsto glasova, a Pirc Musar 26,85 odsto.<\/p>\n<p>U drugi krug, me\u0111utim, Pirc Logar po anketama ulazi s malom predno\u0161\u0107u od nekoliko procenata vi\u0161e.<\/p>\n<p>Pirc Musar u\u0161la je u predsjednicku trku jer smatra da njeno iskustvo, znanje i aktivnosti u javnom \u017eivotu, poput borbe za ljudska prava i protiv siroma\u0161tva, pokazuju da mo\u017ee najbolje da slu\u017ei u dr\u017eavnom interesu i da ne\u0107e \u0107utati o nepravilnostima u dru\u0161tvu, navodi Hina.<\/p>\n<p>Mladinina anketa pokazala je da Nata\u0161u Pirc Musar uveliko podr\u017eavaju simpatizeri sve tri stranke vladaju\u0107e koalicije (Pokret slobode, Socijalni demokrati &#8211; SD i Levica), ali i oni koji su strana\u010dki neopredijeljeni.<\/p>\n<p>Logara, kojeg podr\u017eavaju simpatizeri desnih stranaka, SDS-a i Nove Slovenije, odgovarala bi, s tim u vezi, ne\u0161to manja izlaznost.<\/p>\n<p>U prvom krugu izbora odziv bira\u010da bio je 51,06 odsto.<\/p>\n","protected":false},"excerpt":{"rendered":"<p>U Sloveniji se danas odr\u017eava drugi krug predsjedni\u010dkih izbora, u kome se takmi\u010de konzervativac An\u017ee Logar i Nata\u0161a Pirc Musar koja ima podr\u0161ku ljevice.<\/p>\n","protected":false},"author":1,"featured_media":358796,"comment_status":"open","ping_status":"closed","sticky":false,"template":"","format":"standard","meta":{"_seopress_robots_primary_cat":"","_seopress_titles_title":"","_seopress_titles_desc":"","_seopress_robots_index":"","_et_pb_use_builder":"","_et_pb_old_content":"","_et_gb_content_width":"","inline_featured_image":false,"footnotes":""},"categories":[14],"tags":[],"class_list":["post-358795","post","type-post","status-publish","format-standard","has-post-thumbnail","hentry","category-vijesti"],"_links":{"self":[{"href":"https:\/\/www.pcnen.com\/portal\/wp-json\/wp\/v2\/posts\/358795","targetHints":{"allow":["GET"]}}],"collection":[{"href":"https:\/\/www.pcnen.com\/portal\/wp-json\/wp\/v2\/posts"}],"about":[{"href":"https:\/\/www.pcnen.com\/portal\/wp-json\/wp\/v2\/types\/post"}],"author":[{"embeddable":true,"href":"https:\/\/www.pcnen.com\/portal\/wp-json\/wp\/v2\/users\/1"}],"replies":[{"embeddable":true,"href":"https:\/\/www.pcnen.com\/portal\/wp-json\/wp\/v2\/comments?post=358795"}],"version-history":[{"count":1,"href":"https:\/\/www.pcnen.com\/portal\/wp-json\/wp\/v2\/posts\/358795\/revisions"}],"predecessor-version":[{"id":358797,"href":"https:\/\/www.pcnen.com\/portal\/wp-json\/wp\/v2\/posts\/358795\/revisions\/358797"}],"wp:featuredmedia":[{"embeddable":true,"href":"https:\/\/www.pcnen.com\/portal\/wp-json\/wp\/v2\/media\/358796"}],"wp:attachment":[{"href":"https:\/\/www.pcnen.com\/portal\/wp-json\/wp\/v2\/media?parent=358795"}],"wp:term":[{"taxonomy":"category","embeddable":true,"href":"https:\/\/www.pcnen.com\/portal\/wp-json\/wp\/v2\/categories?post=358795"},{"taxonomy":"post_tag","embeddable":true,"href":"https:\/\/www.pcnen.com\/portal\/wp-json\/wp\/v2\/tags?post=358795"}],"curies":[{"name":"wp","href":"https:\/\/api.w.org\/{rel}","templated":true}]}}