{"id":358786,"date":"2022-11-13T13:11:33","date_gmt":"2022-11-13T12:11:33","guid":{"rendered":"https:\/\/www.pcnen.com\/portal\/?p=358786"},"modified":"2022-11-13T13:12:11","modified_gmt":"2022-11-13T12:12:11","slug":"beograd-protest-zbog-zagadenog-vazduha-u-srbiji-uzivo","status":"publish","type":"post","link":"https:\/\/www.pcnen.com\/portal\/2022\/11\/13\/beograd-protest-zbog-zagadenog-vazduha-u-srbiji-uzivo\/","title":{"rendered":"Beograd: Protest zbog zaga\u0111enog vazduha u Srbiji (u\u017eivo)"},"content":{"rendered":"<p>Prema rije\u010dima reportera N1, ovo je peti protest ovog tipa i nosi naziv &#8220;Narod protiv trova\u010da&#8221;, a zahtjev demonstranata je da dr\u017eava mnogo vi\u0161e obrati pa\u017enju na aerozaga\u0111enje.<\/p>\n<p>Na skupu je oko hiljadu ljudi me\u0111u kojima su uz ekolo\u0161ke aktiviste i predstavnici opozicionih stranaka.<\/p>\n<p>Ulica kralja Milana je blokirana za saobra\u0107aj, a u\u010desnici protesta nose transparente sa natpisima &#8220;Samo sloga od smoga spasava&#8221;, &#8220;Stop ekolo\u0161kom izbegli\u0161tvu&#8221;, &#8220;Srbija Pakistan &#8211; svima nama gu\u0161i plu\u0107a vazduh na\u0161&#8221;, &#8220;Ne glumite gluplje nego \u0161to jeste &#8211; za na\u0161u decu&#8221;, &#8220;Pa\u017eljivo di\u0161i, opasno po \u017eivot&#8221; \u2026<\/p>\n<p>Nakon okupljanja gra\u0111ani su krenuli u protestnu \u0161etnju.<\/p>\n<p>Ne\u0161to ranije danas ministarka za\u0161tite \u017eivotne sredine Irena Vujovi\u0107 ocijenila je da je u prethodne dvije godine &#8220;ura\u0111eno najvi\u0161e&#8221; kako bi vazduh u Srbiji bio \u010distiji.<\/p>\n<p><iframe loading=\"lazy\" style=\"border: none; overflow: hidden;\" src=\"https:\/\/www.facebook.com\/plugins\/video.php?height=314&amp;href=https%3A%2F%2Fwww.facebook.com%2Fcuvarivatre%2Fvideos%2F683723273328869%2F&amp;show_text=false&amp;width=560&amp;t=0\" width=\"560\" height=\"314\" frameborder=\"0\" scrolling=\"no\" allowfullscreen=\"allowfullscreen\"><\/iframe><\/p>\n<p>&nbsp;<\/p>\n<blockquote class=\"wp-embedded-content\" data-secret=\"DmmuiTl6nT\"><p><a href=\"https:\/\/www.pcnen.com\/portal\/2022\/10\/31\/beograd-opet-jedan-od-najzagadenijih-gradova-na-svijetu\/\">Beograd opet jedan od najzaga\u0111enijih gradova na svijetu<\/a><\/p><\/blockquote>\n<p><iframe loading=\"lazy\" class=\"wp-embedded-content\" sandbox=\"allow-scripts\" security=\"restricted\" style=\"position: absolute; clip: rect(1px, 1px, 1px, 1px);\" title=\"&#8220;Beograd opet jedan od najzaga\u0111enijih gradova na svijetu&#8221; &#8212; PCNEN\" src=\"https:\/\/www.pcnen.com\/portal\/2022\/10\/31\/beograd-opet-jedan-od-najzagadenijih-gradova-na-svijetu\/embed\/#?secret=uKRIvVozDn#?secret=DmmuiTl6nT\" data-secret=\"DmmuiTl6nT\" width=\"600\" height=\"338\" frameborder=\"0\" marginwidth=\"0\" marginheight=\"0\" scrolling=\"no\"><\/iframe><\/p>\n","protected":false},"excerpt":{"rendered":"<p>Protest zbog zaga\u0111enog vazduha organizovan je ispred zgrade Predsjedni\u0161tva na Andri\u0107evom vencu.<\/p>\n","protected":false},"author":1,"featured_media":358787,"comment_status":"open","ping_status":"closed","sticky":false,"template":"","format":"standard","meta":{"_seopress_robots_primary_cat":"","_seopress_titles_title":"","_seopress_titles_desc":"","_seopress_robots_index":"","_et_pb_use_builder":"","_et_pb_old_content":"","_et_gb_content_width":"","inline_featured_image":false,"footnotes":""},"categories":[14],"tags":[],"class_list":["post-358786","post","type-post","status-publish","format-standard","has-post-thumbnail","hentry","category-vijesti"],"_links":{"self":[{"href":"https:\/\/www.pcnen.com\/portal\/wp-json\/wp\/v2\/posts\/358786","targetHints":{"allow":["GET"]}}],"collection":[{"href":"https:\/\/www.pcnen.com\/portal\/wp-json\/wp\/v2\/posts"}],"about":[{"href":"https:\/\/www.pcnen.com\/portal\/wp-json\/wp\/v2\/types\/post"}],"author":[{"embeddable":true,"href":"https:\/\/www.pcnen.com\/portal\/wp-json\/wp\/v2\/users\/1"}],"replies":[{"embeddable":true,"href":"https:\/\/www.pcnen.com\/portal\/wp-json\/wp\/v2\/comments?post=358786"}],"version-history":[{"count":2,"href":"https:\/\/www.pcnen.com\/portal\/wp-json\/wp\/v2\/posts\/358786\/revisions"}],"predecessor-version":[{"id":358789,"href":"https:\/\/www.pcnen.com\/portal\/wp-json\/wp\/v2\/posts\/358786\/revisions\/358789"}],"wp:featuredmedia":[{"embeddable":true,"href":"https:\/\/www.pcnen.com\/portal\/wp-json\/wp\/v2\/media\/358787"}],"wp:attachment":[{"href":"https:\/\/www.pcnen.com\/portal\/wp-json\/wp\/v2\/media?parent=358786"}],"wp:term":[{"taxonomy":"category","embeddable":true,"href":"https:\/\/www.pcnen.com\/portal\/wp-json\/wp\/v2\/categories?post=358786"},{"taxonomy":"post_tag","embeddable":true,"href":"https:\/\/www.pcnen.com\/portal\/wp-json\/wp\/v2\/tags?post=358786"}],"curies":[{"name":"wp","href":"https:\/\/api.w.org\/{rel}","templated":true}]}}