{"id":358781,"date":"2022-11-13T11:06:18","date_gmt":"2022-11-13T10:06:18","guid":{"rendered":"https:\/\/www.pcnen.com\/portal\/?p=358781"},"modified":"2022-11-13T11:06:18","modified_gmt":"2022-11-13T10:06:18","slug":"micev-ceka-nas-oblacno-vrijeme-kisa-i-grmljavina","status":"publish","type":"post","link":"https:\/\/www.pcnen.com\/portal\/2022\/11\/13\/micev-ceka-nas-oblacno-vrijeme-kisa-i-grmljavina\/","title":{"rendered":"Micev: \u010ceka nas obla\u010dno vrijeme, ki\u0161a i grmljavina"},"content":{"rendered":"<p>Po\u010detak novembra obilje\u017eilo je neuobi\u010dajeno toplo vrijeme. U Podgorici je zabilje\u017een novi temperaturni rekord za ovaj mjesec.<\/p>\n<p>&#8220;Na podru\u010dju glavnog grada temperatura je 1. novembra dostigla 27,6 stepeni i to je rekordna tempratura za Podgoricu u novembru&#8221;, kazao je Micev za TVCG.<\/p>\n<p>Prvih 12 dana novembra prosje\u010dna maksimalna temperatura na podru\u010dju Podgorice tre\u0107a je najtopoplija u posljednjih 70 godina.<\/p>\n<p>&#8220;Prosje\u010dna temperatura iznosila je 4,3 a na podru\u010dju \u017dabljaka 4,6 stepeni vi\u0161e od prosje\u010dne vi\u0161egodi\u0161nje&#8221;, kazao je Micev.<\/p>\n<p>Narednih dana, kako je najavio, o\u010dekuju nas promjenljive vremenske prilike, \u0161to je i karakteristika za na\u0161e podru\u010dje u ovo doba godine<\/p>\n<p>Sjutra \u0107e biti prete\u017eno obla\u010dno, povremeno sa ki\u0161om u drugom dijlu dana i ve\u010dernjim satima u ju\u017enim i centralnim oblastima. Na sjeveru \u0107e biti obla\u010dno ali bez padavina.<\/p>\n<p>&#8220;U utorak promjenljivo obla\u010dno, sa du\u017eim sun\u010danim periodima. Uglavnom u ju\u017enim i centralnim oblastima mjestimi\u010dno sa ki\u0161om. U srijedu, \u010detvrtak i petak o\u010dekuje nas prete\u017eno obla\u010dno vrijeme , povremeno sa ki\u0161om&#8221;, naveo je Micev.<\/p>\n<p>Naro\u010dito na primorju se u \u010detvrtak ve\u010de o\u010dekuje ja\u010da ki\u0161a sa grmljavinskim procesima.<\/p>\n<p>&#8220;Na sjeveru i narednih dana o\u010dekuje se povremno vrlso slaba ki\u0161a. I za dana vikenda nas o\u010dekuje prete\u017eno obla\u010dno povremeno sa ki\u0161om&#8221;, kazao je Micev.<\/p>\n","protected":false},"excerpt":{"rendered":"<p>Prvih 12 dana novembra bili su topliji od prosjeka za ovo doba godine, a narednih dana o\u010dekuju nas promjenljive vremenske prilike, saop\u0161tio je meteorolog Branko Micev.<\/p>\n","protected":false},"author":1,"featured_media":358369,"comment_status":"open","ping_status":"closed","sticky":false,"template":"","format":"standard","meta":{"_seopress_robots_primary_cat":"","_seopress_titles_title":"","_seopress_titles_desc":"","_seopress_robots_index":"","_et_pb_use_builder":"","_et_pb_old_content":"","_et_gb_content_width":"","inline_featured_image":false,"footnotes":""},"categories":[14],"tags":[],"class_list":["post-358781","post","type-post","status-publish","format-standard","has-post-thumbnail","hentry","category-vijesti"],"_links":{"self":[{"href":"https:\/\/www.pcnen.com\/portal\/wp-json\/wp\/v2\/posts\/358781","targetHints":{"allow":["GET"]}}],"collection":[{"href":"https:\/\/www.pcnen.com\/portal\/wp-json\/wp\/v2\/posts"}],"about":[{"href":"https:\/\/www.pcnen.com\/portal\/wp-json\/wp\/v2\/types\/post"}],"author":[{"embeddable":true,"href":"https:\/\/www.pcnen.com\/portal\/wp-json\/wp\/v2\/users\/1"}],"replies":[{"embeddable":true,"href":"https:\/\/www.pcnen.com\/portal\/wp-json\/wp\/v2\/comments?post=358781"}],"version-history":[{"count":1,"href":"https:\/\/www.pcnen.com\/portal\/wp-json\/wp\/v2\/posts\/358781\/revisions"}],"predecessor-version":[{"id":358782,"href":"https:\/\/www.pcnen.com\/portal\/wp-json\/wp\/v2\/posts\/358781\/revisions\/358782"}],"wp:featuredmedia":[{"embeddable":true,"href":"https:\/\/www.pcnen.com\/portal\/wp-json\/wp\/v2\/media\/358369"}],"wp:attachment":[{"href":"https:\/\/www.pcnen.com\/portal\/wp-json\/wp\/v2\/media?parent=358781"}],"wp:term":[{"taxonomy":"category","embeddable":true,"href":"https:\/\/www.pcnen.com\/portal\/wp-json\/wp\/v2\/categories?post=358781"},{"taxonomy":"post_tag","embeddable":true,"href":"https:\/\/www.pcnen.com\/portal\/wp-json\/wp\/v2\/tags?post=358781"}],"curies":[{"name":"wp","href":"https:\/\/api.w.org\/{rel}","templated":true}]}}