{"id":358764,"date":"2022-11-12T22:55:29","date_gmt":"2022-11-12T21:55:29","guid":{"rendered":"https:\/\/www.pcnen.com\/portal\/?p=358764"},"modified":"2022-11-12T22:55:29","modified_gmt":"2022-11-12T21:55:29","slug":"protest-u-tirani-traze-odlazak-edija-rame","status":"publish","type":"post","link":"https:\/\/www.pcnen.com\/portal\/2022\/11\/12\/protest-u-tirani-traze-odlazak-edija-rame\/","title":{"rendered":"Protest u Tirani, tra\u017ee odlazak Edija Rame"},"content":{"rendered":"<p>Veliki protest opozicionih stranaka po\u010deo je u subotu poslijepodne.<\/p>\n<p>Biv\u0161i premijer Sali Berisha optu\u017euje Ramu za odlazak mladih iz Albanije, brojne afere, nazivaju\u0107i njegovu vladavinu antiaalbanskom.<\/p>\n<p>Biv\u0161i predsednik Albanije i lider Slobidarske partije Albanije Iljir Meta nazvao je Ramu \u201eizdajnikom\u201c koji, kako je rekao, radi protiv interesa svoje zemlje i poru\u010dio da \u0107e se Rama \u201eubrzo na\u0107i pred licem pravde\u201c, prenosi Al Jazeera.<\/p>\n<p>\u201eDanas ovaj izdajnik prati na\u0161 pobjedni\u010dki skup i trijumf demokratije iz svog luksuznog, nezakonito ste\u010denog privatnohg aviona, lir d\u017eeta. Vi koji ste se danas okupili imate pravo da sru\u0161ite vladu \u010diji lider vas plja\u010dka, otima i prodaje va\u0161u zemlju\u201c, poru\u010dio je Meta.<\/p>\n<p>Prema lokalnim glasilima, okupljeni su ve\u010deras probili kordon policije i bacili farbu na kabinet predsjednika vlade Albanije.<\/p>\n","protected":false},"excerpt":{"rendered":"<p>Hiljade gra\u0111ana okupilo se u Tirani ispred kabineta premijera vlade, tra\u017ee\u0107i ostavku Edija Rame i pokretanje borbe protiv organizovanog kriminala.<\/p>\n","protected":false},"author":1,"featured_media":358765,"comment_status":"open","ping_status":"closed","sticky":false,"template":"","format":"standard","meta":{"_seopress_robots_primary_cat":"","_seopress_titles_title":"","_seopress_titles_desc":"","_seopress_robots_index":"","_et_pb_use_builder":"","_et_pb_old_content":"","_et_gb_content_width":"","inline_featured_image":false,"footnotes":""},"categories":[14],"tags":[],"class_list":["post-358764","post","type-post","status-publish","format-standard","has-post-thumbnail","hentry","category-vijesti"],"_links":{"self":[{"href":"https:\/\/www.pcnen.com\/portal\/wp-json\/wp\/v2\/posts\/358764","targetHints":{"allow":["GET"]}}],"collection":[{"href":"https:\/\/www.pcnen.com\/portal\/wp-json\/wp\/v2\/posts"}],"about":[{"href":"https:\/\/www.pcnen.com\/portal\/wp-json\/wp\/v2\/types\/post"}],"author":[{"embeddable":true,"href":"https:\/\/www.pcnen.com\/portal\/wp-json\/wp\/v2\/users\/1"}],"replies":[{"embeddable":true,"href":"https:\/\/www.pcnen.com\/portal\/wp-json\/wp\/v2\/comments?post=358764"}],"version-history":[{"count":1,"href":"https:\/\/www.pcnen.com\/portal\/wp-json\/wp\/v2\/posts\/358764\/revisions"}],"predecessor-version":[{"id":358766,"href":"https:\/\/www.pcnen.com\/portal\/wp-json\/wp\/v2\/posts\/358764\/revisions\/358766"}],"wp:featuredmedia":[{"embeddable":true,"href":"https:\/\/www.pcnen.com\/portal\/wp-json\/wp\/v2\/media\/358765"}],"wp:attachment":[{"href":"https:\/\/www.pcnen.com\/portal\/wp-json\/wp\/v2\/media?parent=358764"}],"wp:term":[{"taxonomy":"category","embeddable":true,"href":"https:\/\/www.pcnen.com\/portal\/wp-json\/wp\/v2\/categories?post=358764"},{"taxonomy":"post_tag","embeddable":true,"href":"https:\/\/www.pcnen.com\/portal\/wp-json\/wp\/v2\/tags?post=358764"}],"curies":[{"name":"wp","href":"https:\/\/api.w.org\/{rel}","templated":true}]}}