{"id":358757,"date":"2022-11-12T18:40:56","date_gmt":"2022-11-12T17:40:56","guid":{"rendered":"https:\/\/www.pcnen.com\/portal\/?p=358757"},"modified":"2022-11-12T18:40:56","modified_gmt":"2022-11-12T17:40:56","slug":"pritvor-sluzbenicima-upc-i-radniku-zetatransa","status":"publish","type":"post","link":"https:\/\/www.pcnen.com\/portal\/2022\/11\/12\/pritvor-sluzbenicima-upc-i-radniku-zetatransa\/","title":{"rendered":"Pritvor slu\u017ebenicima UPC i radniku Zetatransa"},"content":{"rendered":"<p>Kao razlog za pritvor za svu trojicu navedena je opasnost od uticaja na svjedoke koji treba da budu saslu\u0161ani u okviru istrage.<\/p>\n<p>U istrazi Specijalnog dr\u017eavnog tu\u017eila\u0161tva o \u0161vercu cigareta u oktobru su uhap\u0161eni \u017deljko Ivanovi\u0107, na\u010delnik Odjeljenja za spre\u010davanje krijum\u010darenja, i \u010dlanovi Komisije za uni\u0161tavanje oduzetih cigareta Uprave prihoda i carina Radivoje Vuja\u010di\u0107, Mihailo Savelji\u0107 i Neboj\u0161a Adamovi\u0107. U istom predmetu ranije su uhap\u0161eni predsjednik Komisije za uni\u0161tavanje oduzetih cigareta Ervin Adrovi\u0107, \u0161ef mobilnog tima za suzbijanje krijum\u010darenja Uprave prihoda i carina Milutin Pejovi\u0107 i voza\u010d kamiona sa oduzetim cigaretama Dalibor Brnovi\u0107.<\/p>\n<p>&nbsp;<\/p>\n<blockquote class=\"wp-embedded-content\" data-secret=\"y7ueIlhCXe\"><p><a href=\"https:\/\/www.pcnen.com\/portal\/2022\/11\/10\/uhapsena-dva-sluzbenika-upc-i-radnik-zetatransa\/\">Uhap\u0161ena dva slu\u017ebenika UPC i radnik Zetatransa<\/a><\/p><\/blockquote>\n<p><iframe loading=\"lazy\" class=\"wp-embedded-content\" sandbox=\"allow-scripts\" security=\"restricted\" style=\"position: absolute; clip: rect(1px, 1px, 1px, 1px);\" title=\"&#8220;Uhap\u0161ena dva slu\u017ebenika UPC i radnik Zetatransa&#8221; &#8212; PCNEN\" src=\"https:\/\/www.pcnen.com\/portal\/2022\/11\/10\/uhapsena-dva-sluzbenika-upc-i-radnik-zetatransa\/embed\/#?secret=PZlBXii0uW#?secret=y7ueIlhCXe\" data-secret=\"y7ueIlhCXe\" width=\"600\" height=\"338\" frameborder=\"0\" marginwidth=\"0\" marginheight=\"0\" scrolling=\"no\"><\/iframe><\/p>\n","protected":false},"excerpt":{"rendered":"<p>Dvojici slu\u017ebenika Uprave prihoda i carina Igoru Pavi\u0107evi\u0107u i Zoranu Pavi\u0107evi\u0107u, kao i radniku Zetatransa Veselinu Kova\u010devi\u0107u koji su uhap\u0161eni u \u010detvrtak zbog sumnje da su umije\u0161ani u \u0161verc cigareta, danas je odr\u0111en pritvor do 30 dana.<\/p>\n","protected":false},"author":1,"featured_media":0,"comment_status":"open","ping_status":"closed","sticky":false,"template":"","format":"standard","meta":{"_seopress_robots_primary_cat":"","_seopress_titles_title":"","_seopress_titles_desc":"","_seopress_robots_index":"","_et_pb_use_builder":"","_et_pb_old_content":"","_et_gb_content_width":"","inline_featured_image":false,"footnotes":""},"categories":[14],"tags":[],"class_list":["post-358757","post","type-post","status-publish","format-standard","hentry","category-vijesti"],"_links":{"self":[{"href":"https:\/\/www.pcnen.com\/portal\/wp-json\/wp\/v2\/posts\/358757","targetHints":{"allow":["GET"]}}],"collection":[{"href":"https:\/\/www.pcnen.com\/portal\/wp-json\/wp\/v2\/posts"}],"about":[{"href":"https:\/\/www.pcnen.com\/portal\/wp-json\/wp\/v2\/types\/post"}],"author":[{"embeddable":true,"href":"https:\/\/www.pcnen.com\/portal\/wp-json\/wp\/v2\/users\/1"}],"replies":[{"embeddable":true,"href":"https:\/\/www.pcnen.com\/portal\/wp-json\/wp\/v2\/comments?post=358757"}],"version-history":[{"count":1,"href":"https:\/\/www.pcnen.com\/portal\/wp-json\/wp\/v2\/posts\/358757\/revisions"}],"predecessor-version":[{"id":358758,"href":"https:\/\/www.pcnen.com\/portal\/wp-json\/wp\/v2\/posts\/358757\/revisions\/358758"}],"wp:attachment":[{"href":"https:\/\/www.pcnen.com\/portal\/wp-json\/wp\/v2\/media?parent=358757"}],"wp:term":[{"taxonomy":"category","embeddable":true,"href":"https:\/\/www.pcnen.com\/portal\/wp-json\/wp\/v2\/categories?post=358757"},{"taxonomy":"post_tag","embeddable":true,"href":"https:\/\/www.pcnen.com\/portal\/wp-json\/wp\/v2\/tags?post=358757"}],"curies":[{"name":"wp","href":"https:\/\/api.w.org\/{rel}","templated":true}]}}