{"id":358755,"date":"2022-11-12T18:31:36","date_gmt":"2022-11-12T17:31:36","guid":{"rendered":"https:\/\/www.pcnen.com\/portal\/?p=358755"},"modified":"2022-11-12T18:31:36","modified_gmt":"2022-11-12T17:31:36","slug":"knezevic-srecna-ti-sloboda-banice","status":"publish","type":"post","link":"https:\/\/www.pcnen.com\/portal\/2022\/11\/12\/knezevic-srecna-ti-sloboda-banice\/","title":{"rendered":"Kne\u017eevi\u0107: Sre\u0107na ti sloboda banice"},"content":{"rendered":"<blockquote class=\"twitter-tweet\">\n<p dir=\"ltr\" lang=\"sr\">\u0408\u0430 \u0441\u0430\u043c \u0442\u0440\u0438 \u0433\u043e\u0434\u0438\u043d\u0435 \u0441\u0432\u0430\u043a\u043e\u0433 \u0434\u0440\u0443\u0433\u043e\u0433 \u043f\u043e\u043d\u0435\u0434\u0435\u0459\u043a\u0430 \u043c\u043e\u0440\u0430\u043e \u0434\u0430 \u0441\u0435 \u0458\u0430\u0432\u0459\u0430\u043c \u0443 \u0426\u0435\u043d\u0442\u0430\u0440 \u0431\u0435\u0437\u0431\u0458\u0435\u0434\u043d\u043e\u0441\u0442\u0438. \u0412\u0438\u0448\u0438 \u0441\u0443\u0434 \u043c\u0438 \u0458\u0435 \u0431\u0438\u043e \u043e\u0434\u0443\u0437\u0435\u043e \u043f\u0430\u0441\u043e\u0448 \u0438 \u0431\u0438\u043b\u043e \u043c\u0438 \u0458\u0435 \u0437\u0430\u0431\u0440\u0430\u045a\u0435\u043d\u043e \u0434\u0430 \u043d\u0430\u043f\u0443\u0448\u0442\u0430\u043c \u041f\u043e\u0434\u0433\u043e\u0440\u0438\u0446\u0443.<br \/>\n\u0421\u0440\u0435\u045b\u043d\u0430 \u0442\u0438 \u0441\u043b\u043e\u0431\u043e\u0434\u0430 \u0431\u0430\u043d\u0438\u0446\u0435, \u0438 \u0434\u0430 \u0431\u0443\u0434\u0435\u0448 \u043f\u0440\u0435\u0434\u0441\u0458\u0435\u0434\u043d\u0438\u0446\u0430 \u0423\u0441\u0442\u0430\u0432\u043d\u043e\u0433 \u0441\u0443\u0434\u0430.<br \/>\n\u041f.\u0421. \u0418 \u0441\u0430\u0434 \u043e\u043f\u0435\u0442 \u0441\u0432\u043e\u0433\u0430 \u0432\u0440\u0430\u043d\u0446\u0430 \u0458\u0430\u0448\u0435\u0448! <a href=\"https:\/\/t.co\/Vi5bQ4P5bY\">pic.twitter.com\/Vi5bQ4P5bY<\/a><\/p>\n<p>\u2014 Milan Kne\u017eevi\u0107 (@MilanKnezevic80) <a href=\"https:\/\/twitter.com\/MilanKnezevic80\/status\/1591457065045745668?ref_src=twsrc%5Etfw\">November 12, 2022<\/a><\/p><\/blockquote>\n<p><script async src=\"https:\/\/platform.twitter.com\/widgets.js\" charset=\"utf-8\"><\/script><\/p>\n<blockquote class=\"wp-embedded-content\" data-secret=\"eoep3DTWQ2\"><p><a href=\"https:\/\/www.pcnen.com\/portal\/2022\/11\/11\/ukinut-pritvor-vesni-medenici\/\">Ukinut pritvor Vesni Medenici<\/a><\/p><\/blockquote>\n<p><iframe loading=\"lazy\" class=\"wp-embedded-content\" sandbox=\"allow-scripts\" security=\"restricted\" style=\"position: absolute; clip: rect(1px, 1px, 1px, 1px);\" title=\"&#8220;Ukinut pritvor Vesni Medenici&#8221; &#8212; PCNEN\" src=\"https:\/\/www.pcnen.com\/portal\/2022\/11\/11\/ukinut-pritvor-vesni-medenici\/embed\/#?secret=NWO7UClyL4#?secret=eoep3DTWQ2\" data-secret=\"eoep3DTWQ2\" width=\"600\" height=\"338\" frameborder=\"0\" marginwidth=\"0\" marginheight=\"0\" scrolling=\"no\"><\/iframe><\/p>\n","protected":false},"excerpt":{"rendered":"<p>Jedan od lidera Demokratskog fronta Milan Kne\u017eevi\u0107 osvrnuo se na pu\u0161tanje iz pritvora biv\u0161e predsjednice Vi\u0161eg suda Vesne Medenice i na Tviteru joj po\u017eelio da bude predsjednica Ustavnog suda.<\/p>\n","protected":false},"author":1,"featured_media":293877,"comment_status":"open","ping_status":"closed","sticky":false,"template":"","format":"standard","meta":{"_seopress_robots_primary_cat":"","_seopress_titles_title":"","_seopress_titles_desc":"","_seopress_robots_index":"","_et_pb_use_builder":"","_et_pb_old_content":"","_et_gb_content_width":"","inline_featured_image":false,"footnotes":""},"categories":[14],"tags":[],"class_list":["post-358755","post","type-post","status-publish","format-standard","has-post-thumbnail","hentry","category-vijesti"],"_links":{"self":[{"href":"https:\/\/www.pcnen.com\/portal\/wp-json\/wp\/v2\/posts\/358755","targetHints":{"allow":["GET"]}}],"collection":[{"href":"https:\/\/www.pcnen.com\/portal\/wp-json\/wp\/v2\/posts"}],"about":[{"href":"https:\/\/www.pcnen.com\/portal\/wp-json\/wp\/v2\/types\/post"}],"author":[{"embeddable":true,"href":"https:\/\/www.pcnen.com\/portal\/wp-json\/wp\/v2\/users\/1"}],"replies":[{"embeddable":true,"href":"https:\/\/www.pcnen.com\/portal\/wp-json\/wp\/v2\/comments?post=358755"}],"version-history":[{"count":1,"href":"https:\/\/www.pcnen.com\/portal\/wp-json\/wp\/v2\/posts\/358755\/revisions"}],"predecessor-version":[{"id":358756,"href":"https:\/\/www.pcnen.com\/portal\/wp-json\/wp\/v2\/posts\/358755\/revisions\/358756"}],"wp:featuredmedia":[{"embeddable":true,"href":"https:\/\/www.pcnen.com\/portal\/wp-json\/wp\/v2\/media\/293877"}],"wp:attachment":[{"href":"https:\/\/www.pcnen.com\/portal\/wp-json\/wp\/v2\/media?parent=358755"}],"wp:term":[{"taxonomy":"category","embeddable":true,"href":"https:\/\/www.pcnen.com\/portal\/wp-json\/wp\/v2\/categories?post=358755"},{"taxonomy":"post_tag","embeddable":true,"href":"https:\/\/www.pcnen.com\/portal\/wp-json\/wp\/v2\/tags?post=358755"}],"curies":[{"name":"wp","href":"https:\/\/api.w.org\/{rel}","templated":true}]}}