{"id":358747,"date":"2022-11-12T16:19:38","date_gmt":"2022-11-12T15:19:38","guid":{"rendered":"https:\/\/www.pcnen.com\/portal\/?p=358747"},"modified":"2022-11-12T16:19:38","modified_gmt":"2022-11-12T15:19:38","slug":"media-centar-najavio-okrugle-stolove-u-okviru-javne-rasprave-o-setu-medijskih-zakona","status":"publish","type":"post","link":"https:\/\/www.pcnen.com\/portal\/2022\/11\/12\/media-centar-najavio-okrugle-stolove-u-okviru-javne-rasprave-o-setu-medijskih-zakona\/","title":{"rendered":"Media centar najavio okrugle stolove u okviru javne rasprave o setu medijskih zakona"},"content":{"rendered":"<p>Okrugli stolovi bi\u0107e organizovani u <strong>Bijelom Polju, Beranama, Baru, Tivtu i Podgorici.<\/strong><\/p>\n<p>\u201cPozivamo vas da nam se pridru\u017eite u nastojanjima:<\/p>\n<ul>\n<li>da se RTCG oslobodi partijskih uticaja i to odmah a ne kroz tri godine kako predla\u017ee Ministarstvo (Izbor sada\u0161njeg saziva Savjeta RTCG je izraz politi\u010dke volje partija koje su imale ve\u0107inu nakon izbora odr\u017eanih 30. avgusta 2020. Partije koje \u010dinu ve\u0107inu u Skup\u0161tini su primijenile Zakon o RTCG kojeg je donio DPS u julu 2020, neposredno prije izbora.)<\/li>\n<\/ul>\n<ul>\n<li>da se profesionalizuju institucije odgovorne za sankcionisanje govora mr\u017enje,<\/li>\n<\/ul>\n<ul>\n<li>da se osigura ve\u0107a ure\u0111iva\u010dka i finansijska nezavisnost lokalnih javnih emitera u kojima \u0107e lokalne NVO imati klju\u010dnu ulogu,<\/li>\n<\/ul>\n<ul>\n<li>da se uvede ve\u0107a minimalna stopa sopstvene proizvodnje sadr\u017eaja medija kako bi se potrebe gra\u0111ana zadovoljile na bolji na\u010din\u201d, pi\u0161e u javnom pozivu Media centra.<\/li>\n<\/ul>\n<p><a href=\"https:\/\/mediacenter.me\/saopstenja\/media-centar-organizuje-okrugle-stolove-u-okviru-javne-rasprave-o-setu-medijskih-zakona\/\" target=\"_blank\" rel=\"noopener\">Media centar je najavio<\/a> da \u0107e, nakon okruglih stolova, prpremiti finalnu verziju predloga amandmana koju \u0107e, uz podr\u0161ku svih zainteresovanih NVO, dostaviti Ministarstvu kulture i medija, parlamentarnim polti\u010dkim partijama i drugim relevantnim institucijama.<\/p>\n","protected":false},"excerpt":{"rendered":"<p>Media centar je najavio da \u0107e organizovati pet okruglih stolova u okviru javne rasprave koju je Ministarstvo kulture i medija objavilo 8. novembra u vezi sa nacrtima tri medijska zakona: Zakon o medijima, Zakon o audiovizuelnim medijskim uslugama i Zakona o javnom medijskom servisu RTCG<\/p>\n","protected":false},"author":1,"featured_media":0,"comment_status":"open","ping_status":"closed","sticky":false,"template":"","format":"standard","meta":{"_seopress_robots_primary_cat":"","_seopress_titles_title":"","_seopress_titles_desc":"","_seopress_robots_index":"","_et_pb_use_builder":"","_et_pb_old_content":"","_et_gb_content_width":"","inline_featured_image":false,"footnotes":""},"categories":[14],"tags":[],"class_list":["post-358747","post","type-post","status-publish","format-standard","hentry","category-vijesti"],"_links":{"self":[{"href":"https:\/\/www.pcnen.com\/portal\/wp-json\/wp\/v2\/posts\/358747","targetHints":{"allow":["GET"]}}],"collection":[{"href":"https:\/\/www.pcnen.com\/portal\/wp-json\/wp\/v2\/posts"}],"about":[{"href":"https:\/\/www.pcnen.com\/portal\/wp-json\/wp\/v2\/types\/post"}],"author":[{"embeddable":true,"href":"https:\/\/www.pcnen.com\/portal\/wp-json\/wp\/v2\/users\/1"}],"replies":[{"embeddable":true,"href":"https:\/\/www.pcnen.com\/portal\/wp-json\/wp\/v2\/comments?post=358747"}],"version-history":[{"count":1,"href":"https:\/\/www.pcnen.com\/portal\/wp-json\/wp\/v2\/posts\/358747\/revisions"}],"predecessor-version":[{"id":358748,"href":"https:\/\/www.pcnen.com\/portal\/wp-json\/wp\/v2\/posts\/358747\/revisions\/358748"}],"wp:attachment":[{"href":"https:\/\/www.pcnen.com\/portal\/wp-json\/wp\/v2\/media?parent=358747"}],"wp:term":[{"taxonomy":"category","embeddable":true,"href":"https:\/\/www.pcnen.com\/portal\/wp-json\/wp\/v2\/categories?post=358747"},{"taxonomy":"post_tag","embeddable":true,"href":"https:\/\/www.pcnen.com\/portal\/wp-json\/wp\/v2\/tags?post=358747"}],"curies":[{"name":"wp","href":"https:\/\/api.w.org\/{rel}","templated":true}]}}