{"id":358743,"date":"2022-11-12T14:04:23","date_gmt":"2022-11-12T13:04:23","guid":{"rendered":"https:\/\/www.pcnen.com\/portal\/?p=358743"},"modified":"2022-11-12T14:04:23","modified_gmt":"2022-11-12T13:04:23","slug":"sdt-ce-podnijeti-zalbu-zbog-ukidanja-pritvora-medenici","status":"publish","type":"post","link":"https:\/\/www.pcnen.com\/portal\/2022\/11\/12\/sdt-ce-podnijeti-zalbu-zbog-ukidanja-pritvora-medenici\/","title":{"rendered":"SDT \u0107e podnijeti \u017ealbu zbog ukidanja pritvora Medenici"},"content":{"rendered":"<p>Biv\u0161oj predsjednici Vrhovnog suda Vesni Medenici ukinut je ju\u010de pritvor.<\/p>\n<p>Odluku o ukidanju pritvora donio je Vi\u0161i sud nakon \u017ealbe odbrane Apelacionom sudu na prethodno rje\u0161enje kojim joj je bio produ\u017een boravak u Istra\u017enom zatvoru.<\/p>\n<p>Medenicu Specijalno dr\u017eavno tu\u017eila\u0161tvo (SDT) tereti da je po\u010dinila krivi\u010dna djela stvaranja kriminalne organizacije i protivzakoniti uticaj.<\/p>\n<p>Biv\u0161a predsjednica Vrhovnog suda Crne Gore uhap\u0161ena je 17. aprila ove godine, na Aerodromu Podgorica.<\/p>\n<p>Tada je osumnji\u010dena za u\u010destvovanje u kriminalnoj grupi koju je predvodio njen sin Milo\u0161 Medenica.<\/p>\n<blockquote class=\"wp-embedded-content\" data-secret=\"UZGBTXUog4\"><p><a href=\"https:\/\/www.pcnen.com\/portal\/2022\/11\/11\/ukinut-pritvor-vesni-medenici\/\">Ukinut pritvor Vesni Medenici<\/a><\/p><\/blockquote>\n<p><iframe loading=\"lazy\" class=\"wp-embedded-content\" sandbox=\"allow-scripts\" security=\"restricted\" style=\"position: absolute; clip: rect(1px, 1px, 1px, 1px);\" title=\"&#8220;Ukinut pritvor Vesni Medenici&#8221; &#8212; PCNEN\" src=\"https:\/\/www.pcnen.com\/portal\/2022\/11\/11\/ukinut-pritvor-vesni-medenici\/embed\/#?secret=cSwKMFU1s5#?secret=UZGBTXUog4\" data-secret=\"UZGBTXUog4\" width=\"600\" height=\"338\" frameborder=\"0\" marginwidth=\"0\" marginheight=\"0\" scrolling=\"no\"><\/iframe><\/p>\n","protected":false},"excerpt":{"rendered":"<p>Specijalno drzavno tu\u017eilastvo podnije\u0107e \u017ealbu Apelacionom sudu protiv rjesenja vije\u0107a Vi\u0161eg suda u Podgorici koje je odbilo predlog da se nekada\u0161njoj predsjednici Vrhovnog suda Vesni Medenici produ\u017ei pritvor poslije podizanja optu\u017enice, saop\u0161tio je za RTCG portparol SDT-a Vukas Radonji\u0107.<\/p>\n","protected":false},"author":1,"featured_media":356153,"comment_status":"open","ping_status":"closed","sticky":false,"template":"","format":"standard","meta":{"_seopress_robots_primary_cat":"","_seopress_titles_title":"","_seopress_titles_desc":"","_seopress_robots_index":"","_et_pb_use_builder":"","_et_pb_old_content":"","_et_gb_content_width":"","inline_featured_image":false,"footnotes":""},"categories":[14],"tags":[],"class_list":["post-358743","post","type-post","status-publish","format-standard","has-post-thumbnail","hentry","category-vijesti"],"_links":{"self":[{"href":"https:\/\/www.pcnen.com\/portal\/wp-json\/wp\/v2\/posts\/358743","targetHints":{"allow":["GET"]}}],"collection":[{"href":"https:\/\/www.pcnen.com\/portal\/wp-json\/wp\/v2\/posts"}],"about":[{"href":"https:\/\/www.pcnen.com\/portal\/wp-json\/wp\/v2\/types\/post"}],"author":[{"embeddable":true,"href":"https:\/\/www.pcnen.com\/portal\/wp-json\/wp\/v2\/users\/1"}],"replies":[{"embeddable":true,"href":"https:\/\/www.pcnen.com\/portal\/wp-json\/wp\/v2\/comments?post=358743"}],"version-history":[{"count":1,"href":"https:\/\/www.pcnen.com\/portal\/wp-json\/wp\/v2\/posts\/358743\/revisions"}],"predecessor-version":[{"id":358744,"href":"https:\/\/www.pcnen.com\/portal\/wp-json\/wp\/v2\/posts\/358743\/revisions\/358744"}],"wp:featuredmedia":[{"embeddable":true,"href":"https:\/\/www.pcnen.com\/portal\/wp-json\/wp\/v2\/media\/356153"}],"wp:attachment":[{"href":"https:\/\/www.pcnen.com\/portal\/wp-json\/wp\/v2\/media?parent=358743"}],"wp:term":[{"taxonomy":"category","embeddable":true,"href":"https:\/\/www.pcnen.com\/portal\/wp-json\/wp\/v2\/categories?post=358743"},{"taxonomy":"post_tag","embeddable":true,"href":"https:\/\/www.pcnen.com\/portal\/wp-json\/wp\/v2\/tags?post=358743"}],"curies":[{"name":"wp","href":"https:\/\/api.w.org\/{rel}","templated":true}]}}