{"id":358720,"date":"2022-11-11T21:05:09","date_gmt":"2022-11-11T20:05:09","guid":{"rendered":"https:\/\/www.pcnen.com\/portal\/?p=358720"},"modified":"2022-11-11T21:05:09","modified_gmt":"2022-11-11T20:05:09","slug":"prijetnje-dodiku-i-vucicu","status":"publish","type":"post","link":"https:\/\/www.pcnen.com\/portal\/2022\/11\/11\/prijetnje-dodiku-i-vucicu\/","title":{"rendered":"Prijetnje Dodiku i Vu\u010di\u0107u"},"content":{"rendered":"<p>&#8220;Vidim vi se i dalje k****e, stoka odvratna nacionalisti\u010dka, ni\u0161ta niste nau\u010dili, nije vam bio dovoljan NATO da vas bombarduje, vi ne odustajete od ideje \u2018srpskog Kosova\u2019. Ako vas NATO nije natjerao da odustanete, ako vas prva generacija U\u010cK nije natjerala da odustanete, mi \u0107emo vas natjerati, tako \u0161to \u0107emo rat prenijeti u va\u0161e domove, stanove, firme, kancelarije, na va\u0161e ulice. Kao \u0161to ste vi ubijali nedu\u017ene civile po Kosovu, po Bosni, po Hrvatskoj, sada \u0107ete vidjeti kako je to kada se masakr doga\u0111a na ulicama va\u0161ih gradova&#8221;, navodi se u e-mail poruci.<\/p>\n<p>Uz navedene prijetnje, pominju se i \u201cgenocid iz 1913\u201d, kao u \u201cRa\u010dak masakr\u201d, a dalje se navode i lokacije gdje su navodno postavljen bombe.<\/p>\n<p>Ulice Beograda, Novog Sada, Prijepolja, Kraljeva, \u0107e da budu pune krvi, razneseni ljudski organi \u0107e da lete u vazduh, da se lijepe po zidovima, prenosi Blic.<\/p>\n<p>\u201cMislite da smo zaboravili genocid iz 1913? E nismo, kao sto nismo zaboravili ni Ra\u010dak masakr, kao \u0161to nismo zaboravili niti jednog civila ubijenog na Kosovu. Osveta je prije svega namijenjena ljudima koje smatramo najodgovornijim za zlo\u010dine, i za teroristi\u010dku politiku srpske dr\u017eave. Sada \u0161to \u0107e na tim mjestima biti i kolateralne \u0161tete, vari k**i, ko im je kriv kada rade sa ili za vas \u010detni\u010dka g***a. Zvonko i Milane, krvi \u0107emo vam se napiti\u201d, prenosi N1.<\/p>\n<p>U e-mailu se poziva na smrt predsjednika Aleksandra Vu\u010di\u0107a, Milorada Dodika, Vladimira Putina, Srpske pravoslavne crkve, Zvonka Veselinovi\u0107a, Milana Radoi\u010di\u0107a, \u201cvelikosrbijanskoj teroristi\u010dkoj ideologiji\u201d uz poruku \u201cSloboda Kosovu\u201d.<\/p>\n","protected":false},"excerpt":{"rendered":"<p>Na e-mail redakcije Blica stigao je jo\u0161 jedna prijete\u0107a poruka sa dojavom o navodno postavljenim bombama u gradovima \u0161irom Srbije. Kako se u e-mailu koji je stigao sa adrese u potpisu \u201cUck Uck\u201d navodi, \u201culice \u0107e biti pune krvi, organi \u0107e letjeti na sve strane.&#8221;<\/p>\n","protected":false},"author":1,"featured_media":342184,"comment_status":"open","ping_status":"closed","sticky":false,"template":"","format":"standard","meta":{"_seopress_robots_primary_cat":"","_seopress_titles_title":"","_seopress_titles_desc":"","_seopress_robots_index":"","_et_pb_use_builder":"","_et_pb_old_content":"","_et_gb_content_width":"","inline_featured_image":false,"footnotes":""},"categories":[14],"tags":[],"class_list":["post-358720","post","type-post","status-publish","format-standard","has-post-thumbnail","hentry","category-vijesti"],"_links":{"self":[{"href":"https:\/\/www.pcnen.com\/portal\/wp-json\/wp\/v2\/posts\/358720","targetHints":{"allow":["GET"]}}],"collection":[{"href":"https:\/\/www.pcnen.com\/portal\/wp-json\/wp\/v2\/posts"}],"about":[{"href":"https:\/\/www.pcnen.com\/portal\/wp-json\/wp\/v2\/types\/post"}],"author":[{"embeddable":true,"href":"https:\/\/www.pcnen.com\/portal\/wp-json\/wp\/v2\/users\/1"}],"replies":[{"embeddable":true,"href":"https:\/\/www.pcnen.com\/portal\/wp-json\/wp\/v2\/comments?post=358720"}],"version-history":[{"count":1,"href":"https:\/\/www.pcnen.com\/portal\/wp-json\/wp\/v2\/posts\/358720\/revisions"}],"predecessor-version":[{"id":358721,"href":"https:\/\/www.pcnen.com\/portal\/wp-json\/wp\/v2\/posts\/358720\/revisions\/358721"}],"wp:featuredmedia":[{"embeddable":true,"href":"https:\/\/www.pcnen.com\/portal\/wp-json\/wp\/v2\/media\/342184"}],"wp:attachment":[{"href":"https:\/\/www.pcnen.com\/portal\/wp-json\/wp\/v2\/media?parent=358720"}],"wp:term":[{"taxonomy":"category","embeddable":true,"href":"https:\/\/www.pcnen.com\/portal\/wp-json\/wp\/v2\/categories?post=358720"},{"taxonomy":"post_tag","embeddable":true,"href":"https:\/\/www.pcnen.com\/portal\/wp-json\/wp\/v2\/tags?post=358720"}],"curies":[{"name":"wp","href":"https:\/\/api.w.org\/{rel}","templated":true}]}}