{"id":358706,"date":"2022-11-11T15:47:24","date_gmt":"2022-11-11T14:47:24","guid":{"rendered":"https:\/\/www.pcnen.com\/portal\/?p=358706"},"modified":"2022-11-11T15:50:36","modified_gmt":"2022-11-11T14:50:36","slug":"dik-predsjednik-ik-glavnog-grada-duzan-da-sazove-sjednicu","status":"publish","type":"post","link":"https:\/\/www.pcnen.com\/portal\/2022\/11\/11\/dik-predsjednik-ik-glavnog-grada-duzan-da-sazove-sjednicu\/","title":{"rendered":"DIK: Predsjednik IK Glavnog grada du\u017ean da sazove sjednicu"},"content":{"rendered":"<p>DIK je u pomenutim aktima navela da Izborna komisija Glavnog grada kao kolektivni organ odlu\u010duje na sjednici ve\u0107inom glasova svih \u010dlanova a da je predsjednik IKKG u slu\u010daju podno\u0161enja prigovora du\u017ean sazvati sjednicu kako bi Komisija donijela odgovaraju\u0107i akt u skladu sa Zakonom.<\/p>\n<p>DIK je isto mi\u0161ljenje po ovim pitanjima dala op\u0161tinskim izbornim komisijama Plav i Danilovgrad.<\/p>\n<p><a href=\"https:\/\/dik.co.me\/saopstenje-sa-60-sjednice\/\" target=\"_blank\" rel=\"noopener\">DIK<\/a> je ostala pri stavu da se kona\u010dni rezultati ne mogu proglasiti do izja\u0161njenja Ustavnog suda Crne Gore.<\/p>\n<p>Predsjednik Izborne komisije Podgorice Veselin Vuk\u010devi\u0107 odbija da sazove sjednicu.<\/p>\n","protected":false},"excerpt":{"rendered":"<p>Dr\u017eavna izborna komisija (DIK) je saop\u0161tila da je dala mi\u0161ljenje i donijela uputstvo po zahtjevu nosioca izborne liste \u201cEvropa SAD! Za Podgoricu\u201d.<\/p>\n","protected":false},"author":1,"featured_media":0,"comment_status":"open","ping_status":"closed","sticky":false,"template":"","format":"standard","meta":{"_seopress_robots_primary_cat":"","_seopress_titles_title":"","_seopress_titles_desc":"","_seopress_robots_index":"","_et_pb_use_builder":"","_et_pb_old_content":"","_et_gb_content_width":"","inline_featured_image":false,"footnotes":""},"categories":[14],"tags":[2504],"class_list":["post-358706","post","type-post","status-publish","format-standard","hentry","category-vijesti","tag-dik"],"_links":{"self":[{"href":"https:\/\/www.pcnen.com\/portal\/wp-json\/wp\/v2\/posts\/358706","targetHints":{"allow":["GET"]}}],"collection":[{"href":"https:\/\/www.pcnen.com\/portal\/wp-json\/wp\/v2\/posts"}],"about":[{"href":"https:\/\/www.pcnen.com\/portal\/wp-json\/wp\/v2\/types\/post"}],"author":[{"embeddable":true,"href":"https:\/\/www.pcnen.com\/portal\/wp-json\/wp\/v2\/users\/1"}],"replies":[{"embeddable":true,"href":"https:\/\/www.pcnen.com\/portal\/wp-json\/wp\/v2\/comments?post=358706"}],"version-history":[{"count":2,"href":"https:\/\/www.pcnen.com\/portal\/wp-json\/wp\/v2\/posts\/358706\/revisions"}],"predecessor-version":[{"id":358708,"href":"https:\/\/www.pcnen.com\/portal\/wp-json\/wp\/v2\/posts\/358706\/revisions\/358708"}],"wp:attachment":[{"href":"https:\/\/www.pcnen.com\/portal\/wp-json\/wp\/v2\/media?parent=358706"}],"wp:term":[{"taxonomy":"category","embeddable":true,"href":"https:\/\/www.pcnen.com\/portal\/wp-json\/wp\/v2\/categories?post=358706"},{"taxonomy":"post_tag","embeddable":true,"href":"https:\/\/www.pcnen.com\/portal\/wp-json\/wp\/v2\/tags?post=358706"}],"curies":[{"name":"wp","href":"https:\/\/api.w.org\/{rel}","templated":true}]}}