{"id":358680,"date":"2022-11-11T09:58:23","date_gmt":"2022-11-11T08:58:23","guid":{"rendered":"https:\/\/www.pcnen.com\/portal\/?p=358680"},"modified":"2022-11-11T09:58:23","modified_gmt":"2022-11-11T08:58:23","slug":"lauc-spreman-da-doprinese-utvrdivanju-istine-o-epidemioloskim-mjerama","status":"publish","type":"post","link":"https:\/\/www.pcnen.com\/portal\/2022\/11\/11\/lauc-spreman-da-doprinese-utvrdivanju-istine-o-epidemioloskim-mjerama\/","title":{"rendered":"Lauc spreman da doprinese utvr\u0111ivanju istine o epidemiolo\u0161kim mjerama"},"content":{"rendered":"<p>On je na svome FB profilu podijelio tekst iz britanskog Telegrafa, uz napomenu da se u Ujedinjenom kraljevstvu \u201csve otvorenije napadaju i osu\u0111uju \u2018stroge mjere\u2019 i njihove lobiste\u201d, te da se \u201csve \u010de\u0161\u0107e spominje i pojam \u2018kovid kartel\u2019 kao zlo\u010dina\u010dka organizacija koja se udru\u017eila radi ostvarivanja nepripadaju\u0107e dobiti\u201d.<\/p>\n<p>\u201c\u010cujem da se i kod nas pripremaju odre\u0111eni pravni koraci\u201d, napisao je Lauc i najavio svoju pomo\u0107 u tom pravcu.<\/p>\n<p>Lauc se uporno suprotstavljao glavnom toku pri\u010da o pandemiji i mjerama koje su preduzimane u Hrvatskoj i Evropi, i zbog toga je \u010desto prozivan za \u0161irenje la\u017enih vijesti i ka\u017enjavan od fejsbukovih kontrolora \u010dinjenica.<\/p>\n<p><a href=\"https:\/\/www.pcnen.com\/portal\/?s=LAUC\" target=\"_blank\" rel=\"noopener\">VEZANE VIJESTI<\/a><\/p>\n","protected":false},"excerpt":{"rendered":"<p>Poznati hrvatski nau\u010dnik, molekularni biolog Goran Lauc je poru\u010dio da je spreman da, kao stalni sudski vje\u0161tak iz podru\u010dja analize DNA i svjedok doga\u0111anja u vezi sa pandemijom korona virusa, doprinese utvr\u0111ivanju istine o onome \u0161to se de\u0161avalo.<\/p>\n","protected":false},"author":1,"featured_media":308932,"comment_status":"open","ping_status":"closed","sticky":false,"template":"","format":"standard","meta":{"_seopress_robots_primary_cat":"","_seopress_titles_title":"","_seopress_titles_desc":"","_seopress_robots_index":"","_et_pb_use_builder":"","_et_pb_old_content":"","_et_gb_content_width":"","inline_featured_image":false,"footnotes":""},"categories":[14],"tags":[2501],"class_list":["post-358680","post","type-post","status-publish","format-standard","has-post-thumbnail","hentry","category-vijesti","tag-goran-lauc"],"_links":{"self":[{"href":"https:\/\/www.pcnen.com\/portal\/wp-json\/wp\/v2\/posts\/358680","targetHints":{"allow":["GET"]}}],"collection":[{"href":"https:\/\/www.pcnen.com\/portal\/wp-json\/wp\/v2\/posts"}],"about":[{"href":"https:\/\/www.pcnen.com\/portal\/wp-json\/wp\/v2\/types\/post"}],"author":[{"embeddable":true,"href":"https:\/\/www.pcnen.com\/portal\/wp-json\/wp\/v2\/users\/1"}],"replies":[{"embeddable":true,"href":"https:\/\/www.pcnen.com\/portal\/wp-json\/wp\/v2\/comments?post=358680"}],"version-history":[{"count":1,"href":"https:\/\/www.pcnen.com\/portal\/wp-json\/wp\/v2\/posts\/358680\/revisions"}],"predecessor-version":[{"id":358681,"href":"https:\/\/www.pcnen.com\/portal\/wp-json\/wp\/v2\/posts\/358680\/revisions\/358681"}],"wp:featuredmedia":[{"embeddable":true,"href":"https:\/\/www.pcnen.com\/portal\/wp-json\/wp\/v2\/media\/308932"}],"wp:attachment":[{"href":"https:\/\/www.pcnen.com\/portal\/wp-json\/wp\/v2\/media?parent=358680"}],"wp:term":[{"taxonomy":"category","embeddable":true,"href":"https:\/\/www.pcnen.com\/portal\/wp-json\/wp\/v2\/categories?post=358680"},{"taxonomy":"post_tag","embeddable":true,"href":"https:\/\/www.pcnen.com\/portal\/wp-json\/wp\/v2\/tags?post=358680"}],"curies":[{"name":"wp","href":"https:\/\/api.w.org\/{rel}","templated":true}]}}