{"id":358643,"date":"2022-11-10T16:26:14","date_gmt":"2022-11-10T15:26:14","guid":{"rendered":"https:\/\/www.pcnen.com\/portal\/?p=358643"},"modified":"2022-11-10T16:26:14","modified_gmt":"2022-11-10T15:26:14","slug":"romski-savjet-prijavio-markusa-zbog-podsticanja-rasizma","status":"publish","type":"post","link":"https:\/\/www.pcnen.com\/portal\/2022\/11\/10\/romski-savjet-prijavio-markusa-zbog-podsticanja-rasizma\/","title":{"rendered":"Romski savjet prijavio Marku\u0161a zbog podsticanja rasizma"},"content":{"rendered":"<p>Romski savjet je upoznao i Za\u0161titnika ljudskih prava i sloboda Crne Gore Sini\u0161u Bjekovi\u0107a sa javnim objavama izvjesnog Jovana Marku\u0161a, navodno zvanog Joca, putem kojih je javno omalova\u017eavao i vrije\u0111ao dvojicu Roma samo zato \u0161to su istakli dr\u017eavna obilje\u017eja Crne Gore i zato \u0161to je objavio fotografiju \u010detvorogodi\u0161nje djevoj\u010dice i njenog oca S.G. iz Podgorice bez za\u0161tite njenog lica i otvoreno je nacionalno i rasno targetiraju\u0107i uz omalova\u017eavanje po osnovu pretpostavljene politi\u010dke orjentacije njenog oca.<\/p>\n<p>Marku\u0161 je na dru\u0161tvenim mre\u017eama, koje predstavljaju javno mjesto, objavio vi\u0161e objava koje omalova\u017eavaju i ismijavaju Rome i nepotrebno prema njima podsticao negativno i rasisti\u010dko raspolo\u017eenje samo zbog \u010dinjenice, da se isti, kao i drugi gra\u0111ani Crne Gore, koriste osnovnim pravima i slobodama \u0161to uklju\u010duje i pravo na slobodu mi\u0161ljenja, izra\u017eavanja i udru\u017eivanja. \u010cinjenica da su odre\u0111eni Romi pristalice neke od partija ili imaju bilo koja sopstvena uvjerenja na bilo koji na\u010din ne treba i ne smije da se koristi za njihovo nipoda\u0161tavanje, a njihov li\u010dni izbor i opredjeljenje predstavlja kao manje va\u017ean i vrijedan u odnosu na bilo \u010dije drugo mi\u0161ljenje ili opredjeljenje.<\/p>\n<p>Marku\u0161 za Rome koristi i neprimjeren i neosnovan naziv, koji i vrije\u0111a, nazivaju\u0107i ih \u201cRomiti\u201d.<\/p>\n<p>U sklopu fotografije na kojoj su dvojica Roma sa vidljivim crnogorskim dr\u017eavnim simbolima objavio je i fotografiju izvjesne porodice Petrovi\u0107 Njego\u0161 tvrde\u0107i, bez ikakvog razloga i razumnog opravdanja i osnova, da \u201cRomiti\u201d navodno \u201cbrane Crne Goru\u201d od te porodice i da toj porodici bilo \u0161ta spre\u010davaju ili ne dozvoljavaju. To nije istina, pi\u0161e u saop\u0161tenju.<\/p>\n<p>Kao \u0161to ova porodica ima pravo na svoja uvjerenja tako i Romi imaju pravo na sopstvena pri \u010demu na bilo koji na\u010din nijesu osporavali prava drugima, \u010dime Marku\u0161 manipuli\u0161e i tako podsti\u010de antiromsko raspolo\u017eenje u kontekstu ve\u0107 prisutnih dru\u0161tvenih podjela u Crnoj Gori.<\/p>\n<p>Da su mladi\u0107i druga\u010dije boje ko\u017ee i da nijesu istakli simbole dr\u017eave u kojoj \u017eive, i koju o\u010digledno po\u0161tuju, Marku\u0161 ih ne bi ismijavao i javno omalova\u017eao niti progla\u0161avao drugorazrednim i manje bitnim u odnosu na druge.<\/p>\n<p>\u017dao nam je \u0161to Marku\u0161, kao javna li\u010dnist i intelektualac, ovom prilikom zloupotrebljava i imena i integritet osoba iz \u010dasne porodice Petrovi\u0107 Njego\u0161, prema kojima iskazujemo na\u0161e puno po\u0161tovanje, bez ozbira na njihova politi\u010dka, vjerska ili etni\u010dka opredjeljenja.<\/p>\n<p>Romski savjet u Crnoj Gori je sna\u017eno posve\u0107en zaustavljanju i sankcionisanju izazivanja nacionalne, rasne i vjerske mr\u017enje kao i reme\u0107enju javnog reda i mira koje se zasniva javnom ismijavanju i drskom pona\u0161anju prema Romima.<\/p>\n<p>&amp;<\/p>\n<blockquote class=\"twitter-tweet\">\n<p dir=\"ltr\" lang=\"sr\">\u0421\u043f\u0440\u0434\u045a\u0430 &#8211; \u0412\u0458\u0435\u0440\u043e\u0432\u0430\u043b\u0438 \u0438\u043b\u0438 \u043d\u0435? \u0420\u043e\u043c\u0438\u0442\u0438 \u0441\u0430 \u041a\u043e\u043d\u0438\u043a\u0430 ,,\u0431\u0440\u0430\u043d\u0435&#8221; \u0426\u0440\u043d\u0443 \u0413\u043e\u0440\u0443 \u043e\u0434 5 \u0431\u0440\u0430\u0442\u0430 \u041f\u0435\u0442\u0440\u043e\u0432\u0438\u045b\u0430 \u040a\u0435\u0433\u043e\u0448\u0430 (\u0418\u0432\u0430\u043d\u0430, \u041c\u0438\u0445\u0430\u0438\u043b\u0430, \u0413\u0430\u0432\u0440\u0438\u043b\u0430,\u0420\u0430\u0434\u0430 \u0438 \u043a\u043d\u0435\u0437\u0430 \u0418\u0432\u0430\u043d\u0430) !!! <a href=\"https:\/\/t.co\/Aahu0KHrDp\">pic.twitter.com\/Aahu0KHrDp<\/a><\/p>\n<p>\u2014 \u0408\u043e\u0432\u0430\u043d \u041c\u0430\u0440\u043a\u0443\u0448 (@JovanMarkus) <a href=\"https:\/\/twitter.com\/JovanMarkus\/status\/1590578074143584256?ref_src=twsrc%5Etfw\">November 10, 2022<\/a><\/p><\/blockquote>\n<p><script async src=\"https:\/\/platform.twitter.com\/widgets.js\" charset=\"utf-8\"><\/script><\/p>\n","protected":false},"excerpt":{"rendered":"<p>Romski savjet u Crnoj Gori podnio je policiji i tu\u017eila\u0161tvu prijavu protiv gra\u0111anina Jovana Joce Marku\u0161a, publiciste i biv\u0161eg komuniste sa Cetinja, zato \u0161to je 9. novembra 2022. godine, na javnom mjestu, na dru\u0161tvenim mre\u017eama, imao neprimjereno i rasisti\u010dko pona\u0161anje prema pripadnicima romskog naroda.<\/p>\n","protected":false},"author":1,"featured_media":350455,"comment_status":"open","ping_status":"closed","sticky":false,"template":"","format":"standard","meta":{"_seopress_robots_primary_cat":"","_seopress_titles_title":"","_seopress_titles_desc":"","_seopress_robots_index":"","_et_pb_use_builder":"","_et_pb_old_content":"","_et_gb_content_width":"","inline_featured_image":false,"footnotes":""},"categories":[14],"tags":[],"class_list":["post-358643","post","type-post","status-publish","format-standard","has-post-thumbnail","hentry","category-vijesti"],"_links":{"self":[{"href":"https:\/\/www.pcnen.com\/portal\/wp-json\/wp\/v2\/posts\/358643","targetHints":{"allow":["GET"]}}],"collection":[{"href":"https:\/\/www.pcnen.com\/portal\/wp-json\/wp\/v2\/posts"}],"about":[{"href":"https:\/\/www.pcnen.com\/portal\/wp-json\/wp\/v2\/types\/post"}],"author":[{"embeddable":true,"href":"https:\/\/www.pcnen.com\/portal\/wp-json\/wp\/v2\/users\/1"}],"replies":[{"embeddable":true,"href":"https:\/\/www.pcnen.com\/portal\/wp-json\/wp\/v2\/comments?post=358643"}],"version-history":[{"count":1,"href":"https:\/\/www.pcnen.com\/portal\/wp-json\/wp\/v2\/posts\/358643\/revisions"}],"predecessor-version":[{"id":358644,"href":"https:\/\/www.pcnen.com\/portal\/wp-json\/wp\/v2\/posts\/358643\/revisions\/358644"}],"wp:featuredmedia":[{"embeddable":true,"href":"https:\/\/www.pcnen.com\/portal\/wp-json\/wp\/v2\/media\/350455"}],"wp:attachment":[{"href":"https:\/\/www.pcnen.com\/portal\/wp-json\/wp\/v2\/media?parent=358643"}],"wp:term":[{"taxonomy":"category","embeddable":true,"href":"https:\/\/www.pcnen.com\/portal\/wp-json\/wp\/v2\/categories?post=358643"},{"taxonomy":"post_tag","embeddable":true,"href":"https:\/\/www.pcnen.com\/portal\/wp-json\/wp\/v2\/tags?post=358643"}],"curies":[{"name":"wp","href":"https:\/\/api.w.org\/{rel}","templated":true}]}}