{"id":358625,"date":"2022-11-10T12:27:15","date_gmt":"2022-11-10T11:27:15","guid":{"rendered":"https:\/\/www.pcnen.com\/portal\/?p=358625"},"modified":"2022-11-10T12:27:15","modified_gmt":"2022-11-10T11:27:15","slug":"talibani-zabranili-zenama-da-idu-u-parkove-i-teretane","status":"publish","type":"post","link":"https:\/\/www.pcnen.com\/portal\/2022\/11\/10\/talibani-zabranili-zenama-da-idu-u-parkove-i-teretane\/","title":{"rendered":"Talibani zabranili \u017eenama da idu u parkove i teretane"},"content":{"rendered":"<p>Kako prenosi RSE to je najnovija uredba ove vjerske grupe kojom se oduzimaju prava i sloboda \u017eenama, otkako su talibani preuzeli vlast prije vi\u0161e od godinu.<\/p>\n<p>Portparol Ministarstva vrline i poroka rekao je da je zabrana uvedena zato \u0161to su ljudi ignorisali naredbe o rodnoj segregaciji i da \u017eene nisu nosile obavezni hid\u017eab ili pokrivalo za glavu. \u017denama je tako\u0111e zabranjeno da idu u parkove.<\/p>\n<p>Zabrana stupa na snagu ove sedmice, prenosi AP.<\/p>\n<p>Mohajer je rekao da su dali sve od sebe da se u proteklih 15 mjeseci izbjegne zatvaranje parkova i teretana za \u017eene.<\/p>\n<p>&#8220;Odre\u0111eni su bili odvojeni dani u sedmici za mu\u0161karce i \u017eene. Ali, na\u017ealost, nare\u0111enja nisu po\u0161tovana i pravila su prekr\u0161ena, pa smo morali da zatvorimo parkove i teretane za \u017eene\u201c, rekao je Mahjer.<\/p>\n<p>&#8220;U vec\u0301ini slu\u010dajeva vi\u0111ali smo i mu\u0161karce i \u017eene zajedno u parkovima i, na\u017ealost, hid\u017eab nije primijec\u0301en. Tako da smo morali da donesemo jo\u0161 jednu odluku i za sada smo naredili da se svi parkovi i teretane zatvore za \u017eene.&#8221;<\/p>\n<p>Talibanski timovi c\u0301e po\u010deti da nadgledaju ustanove kako bi provjerili da li ih \u017eene i dalje koriste.<\/p>\n<p>Zabranili su djevoj\u010dicama da poha\u0111aju srednju \u0161kolu, uprkos po\u010detnim obe\u0107anjima zemlji, ograni\u010dili \u017eenama da rade u vec\u0301ini oblasti i naredili im da nose od glave do pete odjec\u0301u u javnosti.<\/p>\n","protected":false},"excerpt":{"rendered":"<p>Talibanske vlasti u Avganistanu zabranile su \u017eenama da koriste teretane u Avganistanu, rekao je portparol Ministarstva za spre\u010davanje poroka i promociju vrlina Mohamed Akef Mohajer.<\/p>\n","protected":false},"author":1,"featured_media":271407,"comment_status":"open","ping_status":"closed","sticky":false,"template":"","format":"standard","meta":{"_seopress_robots_primary_cat":"","_seopress_titles_title":"","_seopress_titles_desc":"","_seopress_robots_index":"","_et_pb_use_builder":"","_et_pb_old_content":"","_et_gb_content_width":"","inline_featured_image":false,"footnotes":""},"categories":[14],"tags":[],"class_list":["post-358625","post","type-post","status-publish","format-standard","has-post-thumbnail","hentry","category-vijesti"],"_links":{"self":[{"href":"https:\/\/www.pcnen.com\/portal\/wp-json\/wp\/v2\/posts\/358625","targetHints":{"allow":["GET"]}}],"collection":[{"href":"https:\/\/www.pcnen.com\/portal\/wp-json\/wp\/v2\/posts"}],"about":[{"href":"https:\/\/www.pcnen.com\/portal\/wp-json\/wp\/v2\/types\/post"}],"author":[{"embeddable":true,"href":"https:\/\/www.pcnen.com\/portal\/wp-json\/wp\/v2\/users\/1"}],"replies":[{"embeddable":true,"href":"https:\/\/www.pcnen.com\/portal\/wp-json\/wp\/v2\/comments?post=358625"}],"version-history":[{"count":1,"href":"https:\/\/www.pcnen.com\/portal\/wp-json\/wp\/v2\/posts\/358625\/revisions"}],"predecessor-version":[{"id":358626,"href":"https:\/\/www.pcnen.com\/portal\/wp-json\/wp\/v2\/posts\/358625\/revisions\/358626"}],"wp:featuredmedia":[{"embeddable":true,"href":"https:\/\/www.pcnen.com\/portal\/wp-json\/wp\/v2\/media\/271407"}],"wp:attachment":[{"href":"https:\/\/www.pcnen.com\/portal\/wp-json\/wp\/v2\/media?parent=358625"}],"wp:term":[{"taxonomy":"category","embeddable":true,"href":"https:\/\/www.pcnen.com\/portal\/wp-json\/wp\/v2\/categories?post=358625"},{"taxonomy":"post_tag","embeddable":true,"href":"https:\/\/www.pcnen.com\/portal\/wp-json\/wp\/v2\/tags?post=358625"}],"curies":[{"name":"wp","href":"https:\/\/api.w.org\/{rel}","templated":true}]}}