{"id":358621,"date":"2022-11-10T12:09:09","date_gmt":"2022-11-10T11:09:09","guid":{"rendered":"https:\/\/www.pcnen.com\/portal\/?p=358621"},"modified":"2022-11-10T12:09:09","modified_gmt":"2022-11-10T11:09:09","slug":"rusija-uvodi-osnovnu-vojnu-obuku-u-skolske-programe","status":"publish","type":"post","link":"https:\/\/www.pcnen.com\/portal\/2022\/11\/10\/rusija-uvodi-osnovnu-vojnu-obuku-u-skolske-programe\/","title":{"rendered":"Rusija uvodi osnovnu vojnu obuku u \u0161kolske programe"},"content":{"rendered":"<p>Prema njegovim rije\u010dima kurs \u0107e biti dio predmeta Osnovi bezbjednosti \u017eivota (FLS) kao dio obaveznog \u0161kolskog programa.<\/p>\n<p>&#8220;Ministarstvo obrazovanja Rusije trenutno radi na programu, a nastavnici \u0107e pro\u0107i obuku&#8221;, rekao je Kravcov.<\/p>\n<p>Dodao je da se o\u010dekuje da \u0107e program biti zavr\u0161en do 1. januara 2023. godine.<\/p>\n<p>U po\u010detku \u0107e se raditi o pilot programu prije nego \u0161to dobije kona\u010dno odobrenje.<\/p>\n","protected":false},"excerpt":{"rendered":"<p>Kurs osnovne vojne obuke bi\u0107e uveden u ruske \u0161kolske programe od sljede\u0107e godine, rekao je ministar prosvjete Rusije Sergej Kravcov.<\/p>\n","protected":false},"author":1,"featured_media":332492,"comment_status":"open","ping_status":"closed","sticky":false,"template":"","format":"standard","meta":{"_seopress_robots_primary_cat":"","_seopress_titles_title":"","_seopress_titles_desc":"","_seopress_robots_index":"","_et_pb_use_builder":"","_et_pb_old_content":"","_et_gb_content_width":"","inline_featured_image":false,"footnotes":""},"categories":[14],"tags":[],"class_list":["post-358621","post","type-post","status-publish","format-standard","has-post-thumbnail","hentry","category-vijesti"],"_links":{"self":[{"href":"https:\/\/www.pcnen.com\/portal\/wp-json\/wp\/v2\/posts\/358621","targetHints":{"allow":["GET"]}}],"collection":[{"href":"https:\/\/www.pcnen.com\/portal\/wp-json\/wp\/v2\/posts"}],"about":[{"href":"https:\/\/www.pcnen.com\/portal\/wp-json\/wp\/v2\/types\/post"}],"author":[{"embeddable":true,"href":"https:\/\/www.pcnen.com\/portal\/wp-json\/wp\/v2\/users\/1"}],"replies":[{"embeddable":true,"href":"https:\/\/www.pcnen.com\/portal\/wp-json\/wp\/v2\/comments?post=358621"}],"version-history":[{"count":1,"href":"https:\/\/www.pcnen.com\/portal\/wp-json\/wp\/v2\/posts\/358621\/revisions"}],"predecessor-version":[{"id":358622,"href":"https:\/\/www.pcnen.com\/portal\/wp-json\/wp\/v2\/posts\/358621\/revisions\/358622"}],"wp:featuredmedia":[{"embeddable":true,"href":"https:\/\/www.pcnen.com\/portal\/wp-json\/wp\/v2\/media\/332492"}],"wp:attachment":[{"href":"https:\/\/www.pcnen.com\/portal\/wp-json\/wp\/v2\/media?parent=358621"}],"wp:term":[{"taxonomy":"category","embeddable":true,"href":"https:\/\/www.pcnen.com\/portal\/wp-json\/wp\/v2\/categories?post=358621"},{"taxonomy":"post_tag","embeddable":true,"href":"https:\/\/www.pcnen.com\/portal\/wp-json\/wp\/v2\/tags?post=358621"}],"curies":[{"name":"wp","href":"https:\/\/api.w.org\/{rel}","templated":true}]}}