{"id":358618,"date":"2022-11-10T11:05:05","date_gmt":"2022-11-10T10:05:05","guid":{"rendered":"https:\/\/www.pcnen.com\/portal\/?p=358618"},"modified":"2022-11-10T11:05:05","modified_gmt":"2022-11-10T10:05:05","slug":"suga-u-kragujevackom-klinickom-centru","status":"publish","type":"post","link":"https:\/\/www.pcnen.com\/portal\/2022\/11\/10\/suga-u-kragujevackom-klinickom-centru\/","title":{"rendered":"\u0160uga u kragujeva\u010dkom Klini\u010dkom centru"},"content":{"rendered":"<p>Me\u0111utim, iz Uprave te ustanove za Nova.rs nisu odgovorili koliko je zara\u017eenih me\u0111u zaposlenima i pacijentima, ve\u0107 da su odmah \u2018\u2018po postavljanju sumnje na zarazu, preduzete sve mere na spre\u010davanju \u0161irenja infekcije\u2018\u2018.<\/p>\n<p>Univerzitetski klini\u010dki centar nije negirao postojanje \u0161uge u toj ustanovi, a u odgovoru koji je dostavljen na\u0161oj redakciji navedeno je da su zdravstveni radnici \u2018\u2018\u010desto izlo\u017eeni razli\u010dtim zaraznim i\u00a0 drugim bolestima, zbog bliskog kontakta sa pacijentima\u2018\u2018.<\/p>\n<p>\u2018\u2018Uru\u0161avanjem zdravstvene kulture i higijene stanovni\u0161tva, dolazi do pojave bolesti koje smo smatrali da su iskorenjene, kao \u0161to je \u0161uga\u2018\u2018, stoji u odgovoru UKC-a, \u010dime su indirektno potvrdili navode iz anonimne prijave koju su dobili novinari.<\/p>\n<p>Me\u0111utim, iz te ustanove, portal nije uspio da dobije odgovore na pitanja koliko je zara\u017eenih me\u0111u pacijentima i zaposlenima, kao i da li su ustanovili izvor zaraze.<\/p>\n<p>Naveli i da nisu bili u obavezi da pojavu \u0161uge prijavljuju nadle\u017enim institucijama.<\/p>\n<p>Za bolest se naj\u010de\u0161\u0107e vezuju lo\u0161i higijenski uslovi, a opasnost je \u0161to se lako prenosi sa \u010dovjeka na \u010dovjeka, odnosno kontaktom sa zara\u017eenom osobom ili kori\u0161\u0107enjem zajedni\u010dkih predmeta.<\/p>\n","protected":false},"excerpt":{"rendered":"<p>\u2018Medicinsko osoblje na Klinici za kardiologiju zara\u017eeno je \u0161ugom, a ugro\u017eeni su i pacijenti\u2018\u2018, navedeno je u anonimnoj prijavi koju su dobile pojedine kragujeva\u010dke redakcije, a to je indirektno, za Nova.rs potvrdio i Univerzitetski klini\u010dki centar. (Foto:nova.rs)<\/p>\n","protected":false},"author":1,"featured_media":358619,"comment_status":"open","ping_status":"closed","sticky":false,"template":"","format":"standard","meta":{"_seopress_robots_primary_cat":"","_seopress_titles_title":"","_seopress_titles_desc":"","_seopress_robots_index":"","_et_pb_use_builder":"","_et_pb_old_content":"","_et_gb_content_width":"","inline_featured_image":false,"footnotes":""},"categories":[14],"tags":[],"class_list":["post-358618","post","type-post","status-publish","format-standard","has-post-thumbnail","hentry","category-vijesti"],"_links":{"self":[{"href":"https:\/\/www.pcnen.com\/portal\/wp-json\/wp\/v2\/posts\/358618","targetHints":{"allow":["GET"]}}],"collection":[{"href":"https:\/\/www.pcnen.com\/portal\/wp-json\/wp\/v2\/posts"}],"about":[{"href":"https:\/\/www.pcnen.com\/portal\/wp-json\/wp\/v2\/types\/post"}],"author":[{"embeddable":true,"href":"https:\/\/www.pcnen.com\/portal\/wp-json\/wp\/v2\/users\/1"}],"replies":[{"embeddable":true,"href":"https:\/\/www.pcnen.com\/portal\/wp-json\/wp\/v2\/comments?post=358618"}],"version-history":[{"count":1,"href":"https:\/\/www.pcnen.com\/portal\/wp-json\/wp\/v2\/posts\/358618\/revisions"}],"predecessor-version":[{"id":358620,"href":"https:\/\/www.pcnen.com\/portal\/wp-json\/wp\/v2\/posts\/358618\/revisions\/358620"}],"wp:featuredmedia":[{"embeddable":true,"href":"https:\/\/www.pcnen.com\/portal\/wp-json\/wp\/v2\/media\/358619"}],"wp:attachment":[{"href":"https:\/\/www.pcnen.com\/portal\/wp-json\/wp\/v2\/media?parent=358618"}],"wp:term":[{"taxonomy":"category","embeddable":true,"href":"https:\/\/www.pcnen.com\/portal\/wp-json\/wp\/v2\/categories?post=358618"},{"taxonomy":"post_tag","embeddable":true,"href":"https:\/\/www.pcnen.com\/portal\/wp-json\/wp\/v2\/tags?post=358618"}],"curies":[{"name":"wp","href":"https:\/\/api.w.org\/{rel}","templated":true}]}}