{"id":358615,"date":"2022-11-10T10:44:34","date_gmt":"2022-11-10T09:44:34","guid":{"rendered":"https:\/\/www.pcnen.com\/portal\/?p=358615"},"modified":"2022-11-10T10:45:51","modified_gmt":"2022-11-10T09:45:51","slug":"milanovic-uvrijedio-majke-srebremice","status":"publish","type":"post","link":"https:\/\/www.pcnen.com\/portal\/2022\/11\/10\/milanovic-uvrijedio-majke-srebremice\/","title":{"rendered":"Milanovi\u0107 uvrijedio Majke Srebremice"},"content":{"rendered":"<p>Milanovi\u0107 je ju\u010de rekao da se nada da Majke Srebrenice nisu instrumentalizovane iz Sarajeva.<\/p>\n<p>&#8220;Te srebreni\u010dke majke. Ka\u017eem &#8216;te&#8217; jer nadam se da one ne stoje iza toga, 2015. Koje su na poziv tada\u0161nje predsjednice Kolinde Grabar-Kitarovi\u0107 do\u0161le u Knin. Da nije bilo oslobo\u0111enja Knina, koji su oslobodili vjerojatno gremlini, mo\u017eda bi bilo i drugog genocida u Biha\u0107u, izjavila je tada Munira Suba\u0161i\u0107. Dan pobjede je \u010destitala rije\u010dima &#8216;\u017eivjela Hrvatska, \u017eivjela BiH i sav dobar narod&#8217;. \u0160ta je ovo? Imaju li ti ljudi dvije vijuge u glavi?&#8221;, rekao je Milanovi\u0107, prenose nezavisne.com.<\/p>\n","protected":false},"excerpt":{"rendered":"<p>Mi jesmo stare \u017eene, majke koje su izgubile svoju djecu, a Zoran Milanovi\u0107 je fa\u0161ista koji glumi demokratu, poru\u010dilo je Udru\u017eenje Majke Srebrenice te tako odgovorilo na ju\u010dera\u0161nju izjavu predsjednika Hrvatske koja ih je uvrijedila.<\/p>\n","protected":false},"author":1,"featured_media":285995,"comment_status":"open","ping_status":"closed","sticky":false,"template":"","format":"standard","meta":{"_seopress_robots_primary_cat":"","_seopress_titles_title":"","_seopress_titles_desc":"","_seopress_robots_index":"","_et_pb_use_builder":"","_et_pb_old_content":"","_et_gb_content_width":"","inline_featured_image":false,"footnotes":""},"categories":[14],"tags":[],"class_list":["post-358615","post","type-post","status-publish","format-standard","has-post-thumbnail","hentry","category-vijesti"],"_links":{"self":[{"href":"https:\/\/www.pcnen.com\/portal\/wp-json\/wp\/v2\/posts\/358615","targetHints":{"allow":["GET"]}}],"collection":[{"href":"https:\/\/www.pcnen.com\/portal\/wp-json\/wp\/v2\/posts"}],"about":[{"href":"https:\/\/www.pcnen.com\/portal\/wp-json\/wp\/v2\/types\/post"}],"author":[{"embeddable":true,"href":"https:\/\/www.pcnen.com\/portal\/wp-json\/wp\/v2\/users\/1"}],"replies":[{"embeddable":true,"href":"https:\/\/www.pcnen.com\/portal\/wp-json\/wp\/v2\/comments?post=358615"}],"version-history":[{"count":2,"href":"https:\/\/www.pcnen.com\/portal\/wp-json\/wp\/v2\/posts\/358615\/revisions"}],"predecessor-version":[{"id":358617,"href":"https:\/\/www.pcnen.com\/portal\/wp-json\/wp\/v2\/posts\/358615\/revisions\/358617"}],"wp:featuredmedia":[{"embeddable":true,"href":"https:\/\/www.pcnen.com\/portal\/wp-json\/wp\/v2\/media\/285995"}],"wp:attachment":[{"href":"https:\/\/www.pcnen.com\/portal\/wp-json\/wp\/v2\/media?parent=358615"}],"wp:term":[{"taxonomy":"category","embeddable":true,"href":"https:\/\/www.pcnen.com\/portal\/wp-json\/wp\/v2\/categories?post=358615"},{"taxonomy":"post_tag","embeddable":true,"href":"https:\/\/www.pcnen.com\/portal\/wp-json\/wp\/v2\/tags?post=358615"}],"curies":[{"name":"wp","href":"https:\/\/api.w.org\/{rel}","templated":true}]}}