{"id":358611,"date":"2022-11-10T09:24:36","date_gmt":"2022-11-10T08:24:36","guid":{"rendered":"https:\/\/www.pcnen.com\/portal\/?p=358611"},"modified":"2022-11-10T09:24:36","modified_gmt":"2022-11-10T08:24:36","slug":"detaljno-svjedocenje-lalica-o-zlocinima-najkrvolocnijeg-klana-u-srbiji","status":"publish","type":"post","link":"https:\/\/www.pcnen.com\/portal\/2022\/11\/10\/detaljno-svjedocenje-lalica-o-zlocinima-najkrvolocnijeg-klana-u-srbiji\/","title":{"rendered":"Detaljno svjedo\u010denje Lali\u0107a o zlo\u010dinima najkrvolo\u010dnijeg klana u Srbiji"},"content":{"rendered":"<p>Iz njegovog svjedo\u010denja proizilazi da je broj \u017ertava daleko ve\u0107i od sedam, koliko se klanu stavlja na teret optu\u017enicama.<\/p>\n<p>Tokom dva dana vi\u0161esatnih izlaganja, Lali\u0107 je iznio monstruozne detalje o vi\u0161e ubistava i mu\u010denja koje su izvr\u0161ili pripadnici ove kriminalne grupe, a najvi\u0161e pa\u017enje javnosti izazvale su tvrdnje tokom svjedo\u010denja da su pripadnici kriminalne grupe planirali i ubistvo predsjednika Srbije Aleksandra Vu\u010di\u0107a, prenosi euronews.rs.<\/p>\n<p>Na ove tvrdnje Lali\u0107a, ju\u010de je reagovao i presdnik Vu\u010di\u0107, koji je naveo da zaista postoje potvrde o planiranom napadu na njega kao i da slu\u017ebe znaju ko je sve trebalo da u\u010destvuje u izvr\u0161enju tog napada, te najavio da \u0107e se o tome pojaviti novi podaci.<\/p>\n<p>&#8220;Pojavi\u0107e se novi podaci, mi sad imamo nove pakete skinute sa telefona. Oni po\u010dinju da govore i o ubistvu ili napadu na mene. Sada imamo potvrde i znamo sve o tome ko je u tim pri\u010dama u\u010destvovao i ko je trebalo da u\u010destvuje u izvr\u0161enju i u prvom i u kasnijim poku\u0161ajima&#8221;, rekao je Vu\u010di\u0107, <a href=\"https:\/\/www.euronews.rs\/srbija\/aktuelno\/68332\/detaljno-svedocenje-lalica-o-belivuku-sta-smo-do-sada-culi-o-zlocinima-najkrvolocnijeg-klana-u-srbiji\/vest\" target=\"_blank\" rel=\"noopener\">prenosi euronews.rs.<\/a><\/p>\n<p>Portal Borba je danas <a href=\"https:\/\/borba.me\/isplivali-novi-detalji-milo-naredio-preko-zvicera-atentat-na-vucica\/\" target=\"_blank\" rel=\"noopener\">prenio<\/a> pisanje nedjeljnika Arena, koji spekuli\u0161e da iza pripremanja atentata na predsjednika Srbije stoji li\u010dno predsjednik Crne Gore Milo \u0110ukanovi\u0107.<\/p>\n<p><a href=\"https:\/\/www.pcnen.com\/portal\/?s=BELIVUK\" target=\"_blank\" rel=\"noopener\">VEZANE VIJESTI<\/a><\/p>\n","protected":false},"excerpt":{"rendered":"<p>Na su\u0111enju grupi Veljka Belivuka i Marka Miljkovi\u0107a, koja se tereti za sedam ubistava, trgovinu drogom, nezakonito dr\u017eanje i no\u0161enje oru\u017eja, otmicu i silovanje, ove nedjelje je prvi put govorio okrivljeni saradnik Sr\u0111an Lali\u0107 koji je u julu sklopio sporazum o saradnji sa tu\u017eila\u0161tvom i nagodio se na kaznu od 18 godina zatvora.<\/p>\n","protected":false},"author":1,"featured_media":352898,"comment_status":"open","ping_status":"closed","sticky":false,"template":"","format":"standard","meta":{"_seopress_robots_primary_cat":"","_seopress_titles_title":"","_seopress_titles_desc":"","_seopress_robots_index":"","_et_pb_use_builder":"","_et_pb_old_content":"","_et_gb_content_width":"","inline_featured_image":false,"footnotes":""},"categories":[14],"tags":[752,888,2498],"class_list":["post-358611","post","type-post","status-publish","format-standard","has-post-thumbnail","hentry","category-vijesti","tag-belivuk","tag-milo-dukanovic","tag-ubistvo-vucica"],"_links":{"self":[{"href":"https:\/\/www.pcnen.com\/portal\/wp-json\/wp\/v2\/posts\/358611","targetHints":{"allow":["GET"]}}],"collection":[{"href":"https:\/\/www.pcnen.com\/portal\/wp-json\/wp\/v2\/posts"}],"about":[{"href":"https:\/\/www.pcnen.com\/portal\/wp-json\/wp\/v2\/types\/post"}],"author":[{"embeddable":true,"href":"https:\/\/www.pcnen.com\/portal\/wp-json\/wp\/v2\/users\/1"}],"replies":[{"embeddable":true,"href":"https:\/\/www.pcnen.com\/portal\/wp-json\/wp\/v2\/comments?post=358611"}],"version-history":[{"count":1,"href":"https:\/\/www.pcnen.com\/portal\/wp-json\/wp\/v2\/posts\/358611\/revisions"}],"predecessor-version":[{"id":358612,"href":"https:\/\/www.pcnen.com\/portal\/wp-json\/wp\/v2\/posts\/358611\/revisions\/358612"}],"wp:featuredmedia":[{"embeddable":true,"href":"https:\/\/www.pcnen.com\/portal\/wp-json\/wp\/v2\/media\/352898"}],"wp:attachment":[{"href":"https:\/\/www.pcnen.com\/portal\/wp-json\/wp\/v2\/media?parent=358611"}],"wp:term":[{"taxonomy":"category","embeddable":true,"href":"https:\/\/www.pcnen.com\/portal\/wp-json\/wp\/v2\/categories?post=358611"},{"taxonomy":"post_tag","embeddable":true,"href":"https:\/\/www.pcnen.com\/portal\/wp-json\/wp\/v2\/tags?post=358611"}],"curies":[{"name":"wp","href":"https:\/\/api.w.org\/{rel}","templated":true}]}}