{"id":358591,"date":"2022-11-09T21:08:25","date_gmt":"2022-11-09T20:08:25","guid":{"rendered":"https:\/\/www.pcnen.com\/portal\/?p=358591"},"modified":"2022-11-09T23:35:35","modified_gmt":"2022-11-09T22:35:35","slug":"dukanovic-trazio-misljenje-venecijanske-komisije-o-zakonu-o-predsjedniku","status":"publish","type":"post","link":"https:\/\/www.pcnen.com\/portal\/2022\/11\/09\/dukanovic-trazio-misljenje-venecijanske-komisije-o-zakonu-o-predsjedniku\/","title":{"rendered":"\u0110ukanovi\u0107 tra\u017eio mi\u0161ljenje Venecijanske komisije o Zakonu o predsjedniku"},"content":{"rendered":"<p>&#8220;S tim u vezi, predsjednk \u0110ukanovi\u0107 je podsjetio da je du\u017ee od deceniju struktura obra\u0107anja Komisiji sa razli\u010ditih dr\u017eavnih adresa, uz dominantno zajedni\u010dki politi\u010dki interes ve\u0107ine politi\u010dkih subjekata u Crnoj Gori, vo\u0111ena namjerom da se uva\u017eavaju\u0107i mi\u0161ljenja Venecijanske komisije do\u0111e do pravnog, politi\u010dkog i demokratskog sna\u017eenja ukupnog institucionalnog okvira u Crnoj Gori, te da je sama demokratska tranzicija vlasti, nakon odr\u017eanih parlamentarnih izbora avgusta 2020. godine, u tom trenutku, bila jedan od dokaza dosegnutog visokog nivoa demokratske zrelosti crnogorskog dru\u0161tva&#8221;, saop\u0161tio je Bastijan\u010di\u0107.<\/p>\n<p>Me\u0111utim, kako je naveo, dinami\u010dan razvoj dru\u0161tveno-politi\u010dkih doga\u0111aja i karakteristi\u010dnih postupanja institucija sistema, od tada do danas, nedvosmisleno ukazuju da su klju\u010dni dr\u017eavni organi prevashodno zadu\u017eeni za afirmisanje i o\u010duvanje vladavine prava suo\u010deni sa sve izra\u017eenijim izazovima, takvim da je njihov rad u punom kapacitetu onemogu\u0107en ili je \u010dak u cjelosti blokiran.<\/p>\n<p>&#8220;Stoga, Predsjednik Crne Gore je naro\u010dito problematizovao to \u0161to, i pored nefunkcionisanja Ustavnog suda Crne Gore, odre\u0111eni nosioci izvr\u0161ne i zakonodavne vlasti \u010dine korake koji, reklo bi se, zalaze mimo ograni\u010dene ravni njihovih Ustavom definisanih nadle\u017enosti, za \u0161ta je najbolji primjer nedavno dono\u0161enje Zakona o izmjenama i dopunama Zakona o Predsjedniku Crne Gore, podr\u017eano glasovima 41 poslanika&#8221;, naveo je Bastijan\u010di\u0107, prenosi RTCG.<\/p>\n<p>On je naveo da je \u0110ukanovi\u0107 naglasio da bi posljedica mogu\u0107eg ponovnog izglasavanja Zakona o izmjenama i dopunama Zakona o Predsjedniku Crne Gore na skup\u0161tinskom plenumu, i njegovog stupanja na snagu u vrlo kratkom roku, mogla biti uru\u0161avanje ustavnog poretka Crne Gore i univerzalnih pravnih vrijednosti, i zatra\u017eio da Venecijanska komisija d\u00e2 hitno mi\u0161ljenje na ovaj Zakon, koji je vratio Skup\u0161tini Crne Gore na ponovno odlu\u010divanje.<\/p>\n","protected":false},"excerpt":{"rendered":"<p>Predsjednik Crne Gore Milo \u0110ukanovi\u017e\u0107 se danas obratio predsjednici Venecijanske komisije, Kler Maluri, saop\u0161tio je njegov savjetnik za ustavni sistem i pravna pitanja Boris Bastijan\u010di\u0107.<\/p>\n","protected":false},"author":1,"featured_media":314388,"comment_status":"open","ping_status":"closed","sticky":false,"template":"","format":"standard","meta":{"_seopress_robots_primary_cat":"","_seopress_titles_title":"","_seopress_titles_desc":"","_seopress_robots_index":"","_et_pb_use_builder":"","_et_pb_old_content":"","_et_gb_content_width":"","inline_featured_image":false,"footnotes":""},"categories":[14],"tags":[],"class_list":["post-358591","post","type-post","status-publish","format-standard","has-post-thumbnail","hentry","category-vijesti"],"_links":{"self":[{"href":"https:\/\/www.pcnen.com\/portal\/wp-json\/wp\/v2\/posts\/358591","targetHints":{"allow":["GET"]}}],"collection":[{"href":"https:\/\/www.pcnen.com\/portal\/wp-json\/wp\/v2\/posts"}],"about":[{"href":"https:\/\/www.pcnen.com\/portal\/wp-json\/wp\/v2\/types\/post"}],"author":[{"embeddable":true,"href":"https:\/\/www.pcnen.com\/portal\/wp-json\/wp\/v2\/users\/1"}],"replies":[{"embeddable":true,"href":"https:\/\/www.pcnen.com\/portal\/wp-json\/wp\/v2\/comments?post=358591"}],"version-history":[{"count":4,"href":"https:\/\/www.pcnen.com\/portal\/wp-json\/wp\/v2\/posts\/358591\/revisions"}],"predecessor-version":[{"id":358595,"href":"https:\/\/www.pcnen.com\/portal\/wp-json\/wp\/v2\/posts\/358591\/revisions\/358595"}],"wp:featuredmedia":[{"embeddable":true,"href":"https:\/\/www.pcnen.com\/portal\/wp-json\/wp\/v2\/media\/314388"}],"wp:attachment":[{"href":"https:\/\/www.pcnen.com\/portal\/wp-json\/wp\/v2\/media?parent=358591"}],"wp:term":[{"taxonomy":"category","embeddable":true,"href":"https:\/\/www.pcnen.com\/portal\/wp-json\/wp\/v2\/categories?post=358591"},{"taxonomy":"post_tag","embeddable":true,"href":"https:\/\/www.pcnen.com\/portal\/wp-json\/wp\/v2\/tags?post=358591"}],"curies":[{"name":"wp","href":"https:\/\/api.w.org\/{rel}","templated":true}]}}