{"id":358589,"date":"2022-11-09T20:40:55","date_gmt":"2022-11-09T19:40:55","guid":{"rendered":"https:\/\/www.pcnen.com\/portal\/?p=358589"},"modified":"2022-11-09T20:40:55","modified_gmt":"2022-11-09T19:40:55","slug":"malo-do-umjereno-oblacno-do-23-stepena","status":"publish","type":"post","link":"https:\/\/www.pcnen.com\/portal\/2022\/11\/09\/malo-do-umjereno-oblacno-do-23-stepena\/","title":{"rendered":"Malo do umjereno obla\u010dno, do 23 stepena"},"content":{"rendered":"<p>O\u010dekuje se uglavnom visoka obla\u010dnost.<\/p>\n<p>Na sjeveru, ujutro po kotlinama \u0107e biti magla ili niska obla\u010dnost, a tokom no\u0107i postepeno naobla\u010denje.<\/p>\n<p>Vjetar \u0107e biti slab do umjeren, promjenljivog smjera, tokom no\u0107i sjeveroisto\u010dni, ponegdje u poja\u010danju.<\/p>\n<p>Jutarnja temperatura vazduha kreta\u0107e se od -1 do 12, najvi\u0161a dnevna od 13 do 23 stepena.<\/p>\n<p>U Podgorici \u0107e biti prete\u017eno sun\u010dano, uz umjerenu visoku obla\u010dnost.<\/p>\n<p>Vjetar slab i promjenljiv, tokom no\u0107i povremeno umjeren \u0107e biti sjeveroisto\u010dni.<\/p>\n<p>Jutarnja temperatura vazduha bi\u0107e oko 9, najvi\u0161a dnevna oko 21 stepen.<\/p>\n<p>&nbsp;<\/p>\n<p><a href=\"http:\/\/www.meteo.co.me\/page.php?id=31\" target=\"_blank\" rel=\"noopener\">Ra\u010dunarska prognoza.<\/a><\/p>\n","protected":false},"excerpt":{"rendered":"<p>U Crnoj Gori \u0107e u \u010detvrtak biti malo do umjereno obla\u010dno sa du\u017eim sun\u010danim intervalima. \u00a0\u00a0\u00a0<\/p>\n","protected":false},"author":1,"featured_media":356429,"comment_status":"open","ping_status":"closed","sticky":false,"template":"","format":"standard","meta":{"_seopress_robots_primary_cat":"","_seopress_titles_title":"","_seopress_titles_desc":"","_seopress_robots_index":"","_et_pb_use_builder":"","_et_pb_old_content":"","_et_gb_content_width":"","inline_featured_image":false,"footnotes":""},"categories":[14],"tags":[],"class_list":["post-358589","post","type-post","status-publish","format-standard","has-post-thumbnail","hentry","category-vijesti"],"_links":{"self":[{"href":"https:\/\/www.pcnen.com\/portal\/wp-json\/wp\/v2\/posts\/358589","targetHints":{"allow":["GET"]}}],"collection":[{"href":"https:\/\/www.pcnen.com\/portal\/wp-json\/wp\/v2\/posts"}],"about":[{"href":"https:\/\/www.pcnen.com\/portal\/wp-json\/wp\/v2\/types\/post"}],"author":[{"embeddable":true,"href":"https:\/\/www.pcnen.com\/portal\/wp-json\/wp\/v2\/users\/1"}],"replies":[{"embeddable":true,"href":"https:\/\/www.pcnen.com\/portal\/wp-json\/wp\/v2\/comments?post=358589"}],"version-history":[{"count":1,"href":"https:\/\/www.pcnen.com\/portal\/wp-json\/wp\/v2\/posts\/358589\/revisions"}],"predecessor-version":[{"id":358590,"href":"https:\/\/www.pcnen.com\/portal\/wp-json\/wp\/v2\/posts\/358589\/revisions\/358590"}],"wp:featuredmedia":[{"embeddable":true,"href":"https:\/\/www.pcnen.com\/portal\/wp-json\/wp\/v2\/media\/356429"}],"wp:attachment":[{"href":"https:\/\/www.pcnen.com\/portal\/wp-json\/wp\/v2\/media?parent=358589"}],"wp:term":[{"taxonomy":"category","embeddable":true,"href":"https:\/\/www.pcnen.com\/portal\/wp-json\/wp\/v2\/categories?post=358589"},{"taxonomy":"post_tag","embeddable":true,"href":"https:\/\/www.pcnen.com\/portal\/wp-json\/wp\/v2\/tags?post=358589"}],"curies":[{"name":"wp","href":"https:\/\/api.w.org\/{rel}","templated":true}]}}