{"id":358583,"date":"2022-11-09T19:28:37","date_gmt":"2022-11-09T18:28:37","guid":{"rendered":"https:\/\/www.pcnen.com\/portal\/?p=358583"},"modified":"2022-11-09T19:28:37","modified_gmt":"2022-11-09T18:28:37","slug":"dps-ostajemo-pri-nasim-uslovima-uz-spremnost-na-dijalog","status":"publish","type":"post","link":"https:\/\/www.pcnen.com\/portal\/2022\/11\/09\/dps-ostajemo-pri-nasim-uslovima-uz-spremnost-na-dijalog\/","title":{"rendered":"DPS: Ostajemo pri na\u0161im uslovima uz spremnost na dijalog"},"content":{"rendered":"<p>&#8220;Sastanak je, ipak, pokazao dubinu krize sa kojom je dr\u017eava suo\u010dena o \u010demu najbolje svjedo\u010di i stav smijenjenog premijera, ujedno i predsjednika GP URA, koji je kazao da je stanje u zemlji u potpunosti redovno, kao i pona\u0161anje i performans lidera proruskog Demokratskog fronta koji su naveli da ne\u0107e dalje u\u010destvovati u razgovorima navode\u0107i pritom trivijalne i krajnje neutemeljene razloge za takav neodgovoran pristup&#8221;, kazali su iz DPS-a.<\/p>\n<p>Poru\u010duju da su stavovi Demokratske partije socijalista, povodom aktuelne situacije u dr\u017eavi u potpunosti jasni.<\/p>\n<p>&#8220;Zahtijevamo da se hitno povu\u010de Zakon o predsjedniku i da se sprije\u010di njegovo stupanje na snagu \u010dime bi se sprije\u010dio ustavni pu\u010d i time stvorili preduslovi da se postupak izbora sudija Ustavnog suda vrati na Ustavni odbor, kako bi se &#8211; uz su\u0161tinski a ne simulirani dijalog, stvorile pretpostavke za izbor \u010detvoro sudija i time omogu\u0107io nesmetan rad jedne od najva\u017enijih institucija u zemlji&#8221;, isti\u010du u DPS-u.<\/p>\n<p>Tako\u0111e, navodi se da \u0107e Demokratska partija socijalista insistirati da nakon navedenog do\u0111e i do skra\u0107enja mandata Skup\u0161tine kako bi se stvorili uslovi za organizaciju vanrednih parlamentarnih izbora koji bi, kako su kazali, ozna\u010dili i definitivan kraj politi\u010dke krize, nakon kojih bi Crna Gora dobila odgovornu, politi\u010dku, stabilnu i evropsku Vladu.<\/p>\n<p>&#8220;U narednom periodu, kao i do sada, Demokratska partija socijalista osta\u0107e posve\u0107ena dijalogu kako bi se, u skladu sa stavovima na\u0161ih evropskih partnera, rje\u0161avala duboka i institucionalna kriza koju Crna Gora pro\u017eivljava uz izra\u017eenu nadu da oni politi\u010dki subjekti, koji se makar deklarativno izja\u0161njavaju kao gra\u0111anski i evropski, ne\u0107e dozvoliti sebi da budu dekor Demokratskog fronta kojem je jedini cilj politika destrukcije prema institucijama kako bi Crnu Goru predstavili kao nefunkcionalnu dr\u017eavu \u010diji bi suverenitet, shodno tome, trebalo prepustiti regionalnim hegemonima&#8221;, zaklju\u010duje se u saop\u0161tenju.<\/p>\n<blockquote class=\"wp-embedded-content\" data-secret=\"6fFi1IsAVv\"><p><a href=\"https:\/\/www.pcnen.com\/portal\/2022\/11\/09\/durovic-najavila-novi-sastanak-lidera-parlamentarnih-partija\/\">\u0110urovi\u0107 najavila novi sastanak lidera parlamentarnih partija<\/a><\/p><\/blockquote>\n<p><iframe loading=\"lazy\" class=\"wp-embedded-content\" sandbox=\"allow-scripts\" security=\"restricted\" style=\"position: absolute; clip: rect(1px, 1px, 1px, 1px);\" title=\"&#8220;\u0110urovi\u0107 najavila novi sastanak lidera parlamentarnih partija&#8221; &#8212; PCNEN\" src=\"https:\/\/www.pcnen.com\/portal\/2022\/11\/09\/durovic-najavila-novi-sastanak-lidera-parlamentarnih-partija\/embed\/#?secret=GglDzq0ex0#?secret=6fFi1IsAVv\" data-secret=\"6fFi1IsAVv\" width=\"600\" height=\"338\" frameborder=\"0\" marginwidth=\"0\" marginheight=\"0\" scrolling=\"no\"><\/iframe><\/p>\n","protected":false},"excerpt":{"rendered":"<p>Demokratska partija socijalista, kao odgovorna politi\u010dka partija koja za cilj ima dalju izgradnju institucija odazvala se pozivu za prisustvo dana\u0161njem sastanku koji je organizovala predsjednica Skup\u0161tine, u nadi da \u0107e se kroz dijalog do\u0107i do rje\u0161enja koji \u0107e zna\u010diti izlaz iz politi\u010dke i ukupno dru\u0161tvene krize u kojoj se Crna Gora nalazi, saop\u0161teno je iz te partije.<\/p>\n","protected":false},"author":1,"featured_media":322505,"comment_status":"open","ping_status":"closed","sticky":false,"template":"","format":"standard","meta":{"_seopress_robots_primary_cat":"","_seopress_titles_title":"","_seopress_titles_desc":"","_seopress_robots_index":"","_et_pb_use_builder":"","_et_pb_old_content":"","_et_gb_content_width":"","inline_featured_image":false,"footnotes":""},"categories":[14],"tags":[],"class_list":["post-358583","post","type-post","status-publish","format-standard","has-post-thumbnail","hentry","category-vijesti"],"_links":{"self":[{"href":"https:\/\/www.pcnen.com\/portal\/wp-json\/wp\/v2\/posts\/358583","targetHints":{"allow":["GET"]}}],"collection":[{"href":"https:\/\/www.pcnen.com\/portal\/wp-json\/wp\/v2\/posts"}],"about":[{"href":"https:\/\/www.pcnen.com\/portal\/wp-json\/wp\/v2\/types\/post"}],"author":[{"embeddable":true,"href":"https:\/\/www.pcnen.com\/portal\/wp-json\/wp\/v2\/users\/1"}],"replies":[{"embeddable":true,"href":"https:\/\/www.pcnen.com\/portal\/wp-json\/wp\/v2\/comments?post=358583"}],"version-history":[{"count":1,"href":"https:\/\/www.pcnen.com\/portal\/wp-json\/wp\/v2\/posts\/358583\/revisions"}],"predecessor-version":[{"id":358584,"href":"https:\/\/www.pcnen.com\/portal\/wp-json\/wp\/v2\/posts\/358583\/revisions\/358584"}],"wp:featuredmedia":[{"embeddable":true,"href":"https:\/\/www.pcnen.com\/portal\/wp-json\/wp\/v2\/media\/322505"}],"wp:attachment":[{"href":"https:\/\/www.pcnen.com\/portal\/wp-json\/wp\/v2\/media?parent=358583"}],"wp:term":[{"taxonomy":"category","embeddable":true,"href":"https:\/\/www.pcnen.com\/portal\/wp-json\/wp\/v2\/categories?post=358583"},{"taxonomy":"post_tag","embeddable":true,"href":"https:\/\/www.pcnen.com\/portal\/wp-json\/wp\/v2\/tags?post=358583"}],"curies":[{"name":"wp","href":"https:\/\/api.w.org\/{rel}","templated":true}]}}