{"id":358573,"date":"2022-11-09T15:24:08","date_gmt":"2022-11-09T14:24:08","guid":{"rendered":"https:\/\/www.pcnen.com\/portal\/?p=358573"},"modified":"2022-11-09T15:24:08","modified_gmt":"2022-11-09T14:24:08","slug":"durovic-najavila-novi-sastanak-lidera-parlamentarnih-partija","status":"publish","type":"post","link":"https:\/\/www.pcnen.com\/portal\/2022\/11\/09\/durovic-najavila-novi-sastanak-lidera-parlamentarnih-partija\/","title":{"rendered":"\u0110urovi\u0107 najavila novi sastanak lidera parlamentarnih partija"},"content":{"rendered":"<p>\u0110urovi\u0107 je kazala da je pitanje Ustavnog suda prioritetno i da ono mora biti rije\u0161eno na sjednici parlamenta \u00a022. novembra.<\/p>\n<p>\u201cMoramo dogovarati i pitanje izbornog zakonodavstva i Sudskog savjeta. Moramo razgovarati i o tome da li smo spremni da dobijemo politi\u010dku vladu ili, kako su neki danas pominjali tehni\u010dku, kao i o datumu vanrednih parlamentarnih izbora. O\u010dekujem da se 22. novembra deblokira Ustavni sud. Prije toga \u0107e biti sazvana nova sjednica politi\u010dkog dijaloga&#8221;, kazala je ona.<\/p>\n<p>Ona o\u010dekuje da na narednom sastanku \u201ciza\u0111emo s konkretnim predlozima i rje\u0161enjima&#8221;.<\/p>\n<p>Dana\u0161nji sastanak su ve\u0107 na po\u010detku napustili lideri partija koje \u010dine Demokratski front i jo\u0161 nekih, navode\u010d\u0107i kao razlog otsustvo lidera DPS Mila \u0110ukanovi\u0107a.<\/p>\n<p>&nbsp;<\/p>\n<blockquote class=\"wp-embedded-content\" data-secret=\"h0Rw3pHUJq\"><p><a href=\"https:\/\/www.pcnen.com\/portal\/2022\/11\/09\/dukanovic-i-konjevic-ignorisali-poziv-predsjednice-skupstine\/\">\u0110ukanovi\u0107 i Konjevi\u0107 ignorisali poziv predsjednice Skup\u0161tine<\/a><\/p><\/blockquote>\n<p><iframe loading=\"lazy\" class=\"wp-embedded-content\" sandbox=\"allow-scripts\" security=\"restricted\" style=\"position: absolute; clip: rect(1px, 1px, 1px, 1px);\" title=\"&#8220;\u0110ukanovi\u0107 i Konjevi\u0107 ignorisali poziv predsjednice Skup\u0161tine&#8221; &#8212; PCNEN\" src=\"https:\/\/www.pcnen.com\/portal\/2022\/11\/09\/dukanovic-i-konjevic-ignorisali-poziv-predsjednice-skupstine\/embed\/#?secret=VXEZwI4xOc#?secret=h0Rw3pHUJq\" data-secret=\"h0Rw3pHUJq\" width=\"600\" height=\"338\" frameborder=\"0\" marginwidth=\"0\" marginheight=\"0\" scrolling=\"no\"><\/iframe><\/p>\n","protected":false},"excerpt":{"rendered":"<p>Predsjednica Skup\u0161tine Crne Gore Danijela \u0110urovi\u0107 je najavila da \u0107e opet sazvati sastanak na nivou predsjednika parlamentarnih stranaka.<\/p>\n","protected":false},"author":1,"featured_media":358454,"comment_status":"open","ping_status":"closed","sticky":false,"template":"","format":"standard","meta":{"_seopress_robots_primary_cat":"","_seopress_titles_title":"","_seopress_titles_desc":"","_seopress_robots_index":"","_et_pb_use_builder":"","_et_pb_old_content":"","_et_gb_content_width":"","inline_featured_image":false,"footnotes":""},"categories":[14],"tags":[],"class_list":["post-358573","post","type-post","status-publish","format-standard","has-post-thumbnail","hentry","category-vijesti"],"_links":{"self":[{"href":"https:\/\/www.pcnen.com\/portal\/wp-json\/wp\/v2\/posts\/358573","targetHints":{"allow":["GET"]}}],"collection":[{"href":"https:\/\/www.pcnen.com\/portal\/wp-json\/wp\/v2\/posts"}],"about":[{"href":"https:\/\/www.pcnen.com\/portal\/wp-json\/wp\/v2\/types\/post"}],"author":[{"embeddable":true,"href":"https:\/\/www.pcnen.com\/portal\/wp-json\/wp\/v2\/users\/1"}],"replies":[{"embeddable":true,"href":"https:\/\/www.pcnen.com\/portal\/wp-json\/wp\/v2\/comments?post=358573"}],"version-history":[{"count":1,"href":"https:\/\/www.pcnen.com\/portal\/wp-json\/wp\/v2\/posts\/358573\/revisions"}],"predecessor-version":[{"id":358574,"href":"https:\/\/www.pcnen.com\/portal\/wp-json\/wp\/v2\/posts\/358573\/revisions\/358574"}],"wp:featuredmedia":[{"embeddable":true,"href":"https:\/\/www.pcnen.com\/portal\/wp-json\/wp\/v2\/media\/358454"}],"wp:attachment":[{"href":"https:\/\/www.pcnen.com\/portal\/wp-json\/wp\/v2\/media?parent=358573"}],"wp:term":[{"taxonomy":"category","embeddable":true,"href":"https:\/\/www.pcnen.com\/portal\/wp-json\/wp\/v2\/categories?post=358573"},{"taxonomy":"post_tag","embeddable":true,"href":"https:\/\/www.pcnen.com\/portal\/wp-json\/wp\/v2\/tags?post=358573"}],"curies":[{"name":"wp","href":"https:\/\/api.w.org\/{rel}","templated":true}]}}